{"id":10234,"date":"2020-07-25T08:35:16","date_gmt":"2020-07-25T08:35:16","guid":{"rendered":"http:\/\/jailu.mllambert.com\/?p=10234"},"modified":"2026-03-12T12:02:47","modified_gmt":"2026-03-12T12:02:47","slug":"les-gestionnaires-de-lapocalypse","status":"publish","type":"post","link":"https:\/\/biblioclo.com\/index.php\/2020\/07\/25\/les-gestionnaires-de-lapocalypse\/","title":{"rendered":"LES GESTIONNAIRES DE L&rsquo;APOCALYPSE"},"content":{"rendered":"<p align=\"center\"><strong><span style=\"color: #993300;\">LA CHAIR DISPARUE<br \/>\n<img loading=\"lazy\" decoding=\"async\" class=\"alignnone  wp-image-14488\" src=\"http:\/\/biblioclo.com\/wp-content\/uploads\/2021\/09\/audio-2-300x300.png\" alt=\"\" width=\"85\" height=\"85\" srcset=\"https:\/\/biblioclo.com\/wp-content\/uploads\/2021\/09\/audio-2-300x300.png 300w, https:\/\/biblioclo.com\/wp-content\/uploads\/2021\/09\/audio-2-150x150.png 150w, https:\/\/biblioclo.com\/wp-content\/uploads\/2021\/09\/audio-2.png 720w\" sizes=\"auto, (max-width: 85px) 100vw, 85px\" \/><br \/>\n<\/span><\/strong><\/p>\n<p align=\"center\"><span style=\"font-size: 24px; color: #003300;\"><strong>Commentaire sur le livre audio de<\/strong><\/span><br \/>\n<span style=\"font-size: 24px; color: #003300;\"><strong>JEAN-JACQUES PELLETIER<\/strong><\/span><\/p>\n<p><strong><em>*Quand le m\u00e9pris pour la politique se g\u00e9n\u00e9ralise et que la confiance dans les institutions disparait quand les appartenances se dissolvent et que l\u2019int\u00e9r\u00eat personnel devient la seule motivation, quand l\u2019\u00e9conomie souterraine&#8230; alors une soci\u00e9t\u00e9 est pr\u00eate \u00e0 tomber entre les mains de toutes les mafias\u2026* <\/em><\/strong>(Extrait : LES GESTIONNAIRES DE L\u2019APOCALYPSE, tome 1 LA CHAIR DISPARUE, r\u00e9\u00e9dition papier 1996, 660 pages, \u00e9ditions ALIRE, publication audio : 2018, \u00e9diteur : AUDIBLE STUDIO, dur\u00e9e d\u2019\u00e9coute : 20 heures 30 pour le tome 1, version int\u00e9grale. NARRATION : JEAN BRASSARD)<\/p>\n<p><a href=\"http:\/\/biblioclo.com\/wp-content\/uploads\/2020\/06\/la-chair-disparue-1.jpg\"><img loading=\"lazy\" decoding=\"async\" class=\"alignleft size-medium wp-image-10236\" style=\"border: 0px none;\" title=\"la-chair-disparue-1\" src=\"http:\/\/jailu.mllambert.com\/wp-content\/uploads\/2020\/06\/la-chair-disparue-1-300x300.jpg\" alt=\"\" width=\"300\" height=\"300\" srcset=\"https:\/\/biblioclo.com\/wp-content\/uploads\/2020\/06\/la-chair-disparue-1-300x300.jpg 300w, https:\/\/biblioclo.com\/wp-content\/uploads\/2020\/06\/la-chair-disparue-1-150x150.jpg 150w, https:\/\/biblioclo.com\/wp-content\/uploads\/2020\/06\/la-chair-disparue-1.jpg 500w\" sizes=\"auto, (max-width: 300px) 100vw, 300px\" \/><\/a>1996\u2026Pour avoir d\u00e9mantel\u00e9 Body Store, une organisation internationale de trafic d&rsquo;organes, John Paul Hurtubise a subi de terribles repr\u00e9sailles : ses enfants ont \u00e9t\u00e9 \u00ab vid\u00e9s \u00bb de tous leurs organes et ses proches, menac\u00e9s de mort. 1998&#8230; Souffrant du syndrome de \u00ab personnalit\u00e9s multiples \u00bb, Hurtubise, devenu Paul Hurt gr\u00e2ce \u00e0 l&rsquo;Institut, se terre dans la r\u00e9gion de Qu\u00e9bec o\u00f9 il tente d&rsquo;oublier le pass\u00e9.<\/p>\n<p>Mais voil\u00e0 : un journaliste offre son c\u0153ur \u2013 dans une glaci\u00e8re ! \u2013 \u00e0 l&rsquo;une de ses amies, un artiste fou se met \u00e0 sculpter dans l&rsquo;humain, un r\u00e9seau d&rsquo;extracteurs sillonne les rues de la ville&#8230; Body Store rena\u00eetrait-il de ses cendres ? Les mafias s&rsquo;unissent \u00e0 l&rsquo;\u00e9chelle mondiale, et si personne n&rsquo;intervient, elles risquent de prendre le contr\u00f4le de la plan\u00e8te enti\u00e8re.<\/p>\n<p align=\"center\"><span style=\"color: #993300; font-size: 24px;\"><em><strong>VERS UNE MAFIA GLOBALIS\u00c9E ?<\/strong><\/em><\/span><br \/>\n<strong><em>*Je sais que la dignit\u00e9 n\u2019est pas indispensable<br \/>\ndans le m\u00e9tier d\u2019ordure, que c\u2019est m\u00eame un<br \/>\nhandicap mais bon\u2026vous essaierez de faire<br \/>\nun effort* <\/em><\/strong>(Extrait)<\/p>\n<p>LA CHAIR DISPARUE est une longue histoire qui a n\u00e9cessit\u00e9 plus de 20 heures d\u2019\u00e9coute et encore, ce n\u2019est que le premier tome d\u2019une longue saga, une t\u00e9tralogie en fait. Dans ce r\u00e9cit deux entit\u00e9s s\u2019opposent, s\u2019entred\u00e9chirent et s\u2019entretuent.<\/p>\n<p>D\u2019une part, il y a le consortium : un rassemblement de groupes mafieux qui travaillent \u00e0 mondialiser la mafia cr\u00e9ant un gouvernement parall\u00e8le tellement puissant qu\u2019il deviendrait intouchable, inatteignable : <strong><em>*Sans qu\u2019ils s\u2019en doutent, les gens se retrouveraient bient\u00f4t avec l\u2019\u00e9quivalent mondial des Nations-Unies du crime organis\u00e9.&gt; <\/em><\/strong>(Extrait)<\/p>\n<p>l\u2019enjeu principal qui semble vouloir sceller les alliances est le trafic d\u2019organes. La coordinatrice de ce jeu infernal est celle qu\u2019on appelle LA D\u00c9L\u00c9GU\u00c9E sp\u00e9ciale, femme froide et sans conscience \u00e9galement inatteignable.<\/p>\n<p>D\u2019autre part, il y a L\u2019INSTITUT qui travaille \u00e0 contrecarrer l\u2019expansion de la mafia et qui est dirig\u00e9e par une femme \u00e9nigmatique et extr\u00eamement puissante, \u00e9galement inatteignable appel\u00e9e *f*. Le pivot de l\u2019histoire est celui qui a d\u00e9mantel\u00e9 BODYSTORE, une organisation internationale de trafic d\u2019organes qui veut reprendre du service\u00a0: John Paul Hurtubise.<\/p>\n<p>Ce dernier ayant subi la vengeance du consortium a subi un choc et a d\u00e9velopp\u00e9 le syndrome de dissociation. Une vingtaine de personnalit\u00e9s se bousculent en lui. L\u2019Institut a cach\u00e9 Hurtubise, devenu Paul Hurt dans la r\u00e9gion de Qu\u00e9bec. Sans le savoir, Hurt se pr\u00e9pare \u00e0 reprendre du service.<\/p>\n<p>Le consortium se tire dans les pieds \u00e0 cause de personnages cupides, ambitieux et retors. Un personnage entre autres, un m\u00e9decin psychopathe, fou \u00e0 lier qui a invent\u00e9 L\u2019ART ORGANIQUE en cr\u00e9ant des expositions d\u2019un barbarisme innommable \u00e0 partir de corps humain enlev\u00e9s et s\u00e9questr\u00e9s : le corps-spectacle qui magnifie les corps d\u00e9natur\u00e9s, d\u00e9sarticul\u00e9s par les mutilations, les greffes chaotiques, la torture et autres horreurs.<\/p>\n<p>Dans ce premier tome, l\u2019auteur ne fait pas dans la dentelle. La description est directe, tranchante. Pas de censure, pas de m\u00e9nagement. Dans le r\u00e9cit, il y a beaucoup d\u2019action en parall\u00e8le. Le fil conducteur est tentaculaire et c\u2019est un peu difficile \u00e0 suivre.<\/p>\n<p>L\u2019auteur ne se g\u00eane pas pour y aller de ses petites observations sur la capacit\u00e9 des humains \u00e0 \u00eatre pervers mais \u00e7a n\u2019ajoute pas grand-chose \u00e0 un r\u00e9cit d\u00e9j\u00e0 charg\u00e9 de passages plus ou moins n\u00e9cessaires comme les extraits du trait\u00e9 de l\u2019art organique d\u2019Arto, un d\u00e9traqu\u00e9 qui valorise la d\u00e9naturation du corps humain pour r\u00e9inventer l\u2019art.<\/p>\n<p>Toutefois, le volume a des points tr\u00e8s forts; Paul Hurt qui essaie de composer avec toutes les personnalit\u00e9s qui sommeillent en lui. Je me suis attach\u00e9 \u00e0 ce personnage courageux et tout son monde\u2026du 20 pour un. Fort, original et profond. J\u2019ai beaucoup appris sur le syndrome de la personnalit\u00e9 multiple.<\/p>\n<p>J\u2019ai aussi trouv\u00e9 remarquable et touchant le dialogue entre Hurt et un de ses personnages, appel\u00e9 le VIEUX \u00e0 la fin du r\u00e9cit. Pelletier a quand m\u00eame r\u00e9ussi \u00e0 faire diversion en cr\u00e9ant des personnages un peu burlesques qui viennent all\u00e9ger le r\u00e9cit. Par exemples, les policiers Grondin et Rondeau.<\/p>\n<p>Le premier \u00e9tant affubl\u00e9 d\u2019une grattelle quasi permanente et l\u2019autre qui appelle son officier sup\u00e9rieur le chef ordure\u2026tol\u00e9r\u00e9 parce qu\u2019ici la grossi\u00e8ret\u00e9 est induite par le syndrome de la Tourette. Ils sont dr\u00f4les, attachants, pas tout \u00e0 fait en accord avec l\u2019\u00e9thique polici\u00e8re. Mais j\u2019\u00e9tais toujours heureux de la retrouver eux et les JONES 1, 2 3 et ainsi de suite, des anges de la bonne cause dirig\u00e9s par le fr\u00e8re Guidon. C\u2019est une trouvaille.<\/p>\n<p style=\"text-align: left;\">Dans l\u2019ensemble, le roman est \u00e2pre, touffu, fil conducteur instable. Assez fluide. D\u2019ailleurs le dernier quart du r\u00e9cit m\u2019a rendu addictif.\u00a0 En passant, j\u2019ai ador\u00e9 la narration de Jean Brassard \u00e0 cause de son harmonique vocale particuli\u00e8re mais surtout \u00e0 cause de sa capacit\u00e9 \u00e0 moduler sa voix en fonction de chacun des principaux personnages. C\u2019est parfois subtil, c\u2019est surtout tr\u00e8s efficace.<\/p>\n<p><a href=\"http:\/\/biblioclo.com\/wp-content\/uploads\/2020\/06\/la-chair-disparue-2.jpg\"><img loading=\"lazy\" decoding=\"async\" class=\"alignright size-medium wp-image-10241\" style=\"border: 0px none;\" title=\"la-chair-disparue-2\" src=\"http:\/\/jailu.mllambert.com\/wp-content\/uploads\/2020\/06\/la-chair-disparue-2-200x300.jpg\" alt=\"\" width=\"200\" height=\"300\" srcset=\"https:\/\/biblioclo.com\/wp-content\/uploads\/2020\/06\/la-chair-disparue-2-200x300.jpg 200w, https:\/\/biblioclo.com\/wp-content\/uploads\/2020\/06\/la-chair-disparue-2-683x1024.jpg 683w, https:\/\/biblioclo.com\/wp-content\/uploads\/2020\/06\/la-chair-disparue-2.jpg 700w\" sizes=\"auto, (max-width: 200px) 100vw, 200px\" \/><\/a>D\u00e9tenteur d\u2019une ma\u00eetrise en philosophie de l\u2019Universit\u00e9 Laval Jean-Jacques Pelletier\u00a0 a enseign\u00e9 la philosophie de 1970 \u00e0 2004 au c\u00e9gep L\u00e9vis-Lauzon. Attentif \u00e0 l\u2019univers des m\u00e9dias, des arts et de l\u2019informatique, les romans de Jean-Jacques Pelletier s\u2019int\u00e9ressent de fa\u00e7on particuli\u00e8re \u00e0 l\u2019embrigadement id\u00e9ologique, \u00e0 la manipulation des individus et des foules ainsi qu\u2019aux diff\u00e9rentes formes d\u2019exploitation. La passion de l\u2019auteur pour le thriller et la g\u00e9opolitique ne l\u2019a pas emp\u00each\u00e9 d\u2019explorer l\u2019univers du fantastique \u2013 \u00e0 preuve \u00ab la Bouche barbel\u00e9e \u00bb, nouvelle qui remportait en 1993 le concours de nouvelles de Radio-Canada.<\/p>\n<p>Pour consulter la bibliographie de Jean-Jacques Pelletier, <a href=\"http:\/\/jeanjacquespelletier.com\/bibliographie\/\">cliquez ici<\/a>.<\/p>\n<p>Suggestion de lecture, du m\u00eame auteur : <a href=\"https:\/\/biblioclo.com\/index.php\/2023\/01\/28\/dix-petits-hommes-blancs-de-jean-jacques-pelletier\/\">DIX PETITS HOMMES BLANCS<\/a><\/p>\n<p><a href=\"http:\/\/biblioclo.com\/wp-content\/uploads\/2020\/06\/la-chair-disparue-3.jpg\"><img loading=\"lazy\" decoding=\"async\" class=\"alignleft size-medium wp-image-10243\" style=\"border: 0px none;\" title=\"la-chair-disparue-3\" src=\"http:\/\/jailu.mllambert.com\/wp-content\/uploads\/2020\/06\/la-chair-disparue-3-284x300.jpg\" alt=\"\" width=\"284\" height=\"300\" srcset=\"https:\/\/biblioclo.com\/wp-content\/uploads\/2020\/06\/la-chair-disparue-3-284x300.jpg 284w, https:\/\/biblioclo.com\/wp-content\/uploads\/2020\/06\/la-chair-disparue-3.jpg 480w\" sizes=\"auto, (max-width: 284px) 100vw, 284px\" \/><\/a>Voici comment est pr\u00e9sent\u00e9 Jean Brassard sur <a href=\"https:\/\/www.voices.com\/actors\/jbrassard\">voices.com\u00a0<\/a>: Baryton chaud, profond, romantique, affirm\u00e9, amical, animateur sportif, sexy, ludique, jeune, acteur de caract\u00e8re&#8230;, chanteur, narration&#8230; Accents fran\u00e7ais ou canadiens-fran\u00e7ais&#8230; Connaissance pratique de l&rsquo;espagnol, de l&rsquo;allemand&#8230;Comp\u00e9tences sp\u00e9ciales : Animation, Livres audio&#8230;Vid\u00e9o Internet, Bande annonce, Baladodiffusion, Radio, T\u00e9l\u00e9phone, T\u00e9l\u00e9vision, Jeux vid\u00e9o. Exp\u00e9rience : 30 ans d&rsquo;exp\u00e9rience dans le domaine de la voix off&#8230;<\/p>\n<p>Bonne lecture<br \/>\nClaude Lambert<br \/>\nle samedi 25 juillet 2020<\/p>\n<p style=\"text-align: right;\">\n","protected":false},"excerpt":{"rendered":"<p>Les mafias s&rsquo;unissent \u00e0 l&rsquo;\u00e9chelle mondiale, et pourraient contr\u00f4ler la plan\u00e8te enti\u00e8re. LES GESTIONNAIRES DE L&rsquo;APOCALYPSE de Jean-Jacques Pelletier.  <a href=\"https:\/\/biblioclo.com\/index.php\/2020\/07\/25\/les-gestionnaires-de-lapocalypse\/\">Continuer la lecture <span class=\"meta-nav\"> \u00bb<\/span><\/a><\/p>\n<div class='heateorSssClear'><\/div><div style=\"float:right\" class='heateor_sss_sharing_container heateor_sss_horizontal_sharing' data-heateor-sss-href='https:\/\/biblioclo.com\/index.php\/2020\/07\/25\/les-gestionnaires-de-lapocalypse\/'><div class='heateor_sss_sharing_title' style=\"font-weight:bold\" ><\/div><div class=\"heateor_sss_sharing_ul\"><a style=\"padding:7.35px 0 !important\" class=\"heateor_sss_facebook_share\"><div class=\"fb-share-button\" data-href=\"https:\/\/biblioclo.com\/index.php\/2020\/07\/25\/les-gestionnaires-de-lapocalypse\/\" data-layout=\"button\"><\/div><\/a><\/div><div class=\"heateorSssClear\"><\/div><\/div><div class='heateorSssClear'><\/div>","protected":false},"author":3,"featured_media":10236,"comment_status":"open","ping_status":"open","sticky":false,"template":"","format":"standard","meta":{"footnotes":""},"categories":[4,5],"tags":[70,74,159,376,396,583,788,1041,1346,1410,1467,1769],"class_list":["post-10234","post","type-post","status-publish","format-standard","has-post-thumbnail","hentry","category-compterendus","category-critiques","tag-alliances","tag-ambition","tag-banditisme","tag-crime-organise","tag-cruate","tag-enquete","tag-guerres-de-gagn","tag-mafia","tag-policier","tag-psychose","tag-reglement-de-compte","tag-traffic-dorganes"],"_links":{"self":[{"href":"https:\/\/biblioclo.com\/index.php\/wp-json\/wp\/v2\/posts\/10234","targetHints":{"allow":["GET"]}}],"collection":[{"href":"https:\/\/biblioclo.com\/index.php\/wp-json\/wp\/v2\/posts"}],"about":[{"href":"https:\/\/biblioclo.com\/index.php\/wp-json\/wp\/v2\/types\/post"}],"author":[{"embeddable":true,"href":"https:\/\/biblioclo.com\/index.php\/wp-json\/wp\/v2\/users\/3"}],"replies":[{"embeddable":true,"href":"https:\/\/biblioclo.com\/index.php\/wp-json\/wp\/v2\/comments?post=10234"}],"version-history":[{"count":1,"href":"https:\/\/biblioclo.com\/index.php\/wp-json\/wp\/v2\/posts\/10234\/revisions"}],"predecessor-version":[{"id":18960,"href":"https:\/\/biblioclo.com\/index.php\/wp-json\/wp\/v2\/posts\/10234\/revisions\/18960"}],"wp:featuredmedia":[{"embeddable":true,"href":"https:\/\/biblioclo.com\/index.php\/wp-json\/wp\/v2\/media\/10236"}],"wp:attachment":[{"href":"https:\/\/biblioclo.com\/index.php\/wp-json\/wp\/v2\/media?parent=10234"}],"wp:term":[{"taxonomy":"category","embeddable":true,"href":"https:\/\/biblioclo.com\/index.php\/wp-json\/wp\/v2\/categories?post=10234"},{"taxonomy":"post_tag","embeddable":true,"href":"https:\/\/biblioclo.com\/index.php\/wp-json\/wp\/v2\/tags?post=10234"}],"curies":[{"name":"wp","href":"https:\/\/api.w.org\/{rel}","templated":true}]}}