{"id":10453,"date":"2020-08-16T09:13:14","date_gmt":"2020-08-16T09:13:14","guid":{"rendered":"http:\/\/jailu.mllambert.com\/?p=10453"},"modified":"2026-04-08T12:28:57","modified_gmt":"2026-04-08T12:28:57","slug":"au-coeur-du-temps","status":"publish","type":"post","link":"https:\/\/biblioclo.com\/index.php\/2020\/08\/16\/au-coeur-du-temps\/","title":{"rendered":"AU COEUR DU TEMPS, de Didier Liardet"},"content":{"rendered":"<p style=\"text-align: left;\" align=\"center\"><strong><em>Deux savants am\u00e9ricains se sont \u00e9gar\u00e9s au c\u0153ur du temps dans le labyrinthe des \u00e9poques pass\u00e9es et futures, au cours des premiers essais ultra-secrets d\u2019un prodigieux dispositif : le chronogyre. Tony Newman et Doug Phillips sont lanc\u00e9s dans une aventure fantastique quelque part dans le domaine myst\u00e9rieux du temps. * <\/em><\/strong>(Introduction de chaque \u00e9pisode de la t\u00e9l\u00e9s\u00e9rie AU C\u0152URS DU TEMPS d\u2019Irwin Allen.)<\/p>\n<p align=\"center\"><a href=\"http:\/\/biblioclo.com\/wp-content\/uploads\/2020\/08\/Au-coeur-du-temps-1.jpg\"><img loading=\"lazy\" decoding=\"async\" class=\"aligncenter size-full wp-image-10454\" style=\"border: 0px none;\" title=\"au-coeur-du-temps-1\" src=\"http:\/\/biblioclo.com\/wp-content\/uploads\/2020\/08\/Au-coeur-du-temps-1.jpg\" alt=\"\" width=\"343\" height=\"499\" srcset=\"https:\/\/biblioclo.com\/wp-content\/uploads\/2020\/08\/Au-coeur-du-temps-1.jpg 343w, https:\/\/biblioclo.com\/wp-content\/uploads\/2020\/08\/Au-coeur-du-temps-1-206x300.jpg 206w\" sizes=\"auto, (max-width: 343px) 100vw, 343px\" \/><\/a><span style=\"font-size: 24px;\"><strong><span style=\"color: #00ccff;\">LES ARCANES DE L&rsquo;HISTOIRE<\/span><\/strong><\/span><br \/>\n<strong><em>*LES VOYAGES SPATIO-TEMPORELS\u2026imagin\u00e9e et<br \/>\nproduite par Irwin Allen, un cin\u00e9aste tr\u00e8s imaginatif<br \/>\nqui avait une pr\u00e9dilection pour les r\u00e9cits les plus<br \/>\nextraordinaires et les mises en sc\u00e8ne spectaculaires,<br \/>\nAU C\u0152UR DU TEMPS fut la premi\u00e8re s\u00e9rie dramatique<br \/>\nprogramm\u00e9e aux \u00c9tats-Unis \u00e0 utiliser cette<br \/>\nth\u00e9matique comme trame principale. *<br \/>\n(Extrait de l\u2019introduction du livre de Didier Liardet)<\/em><\/strong><\/p>\n<p><a href=\"http:\/\/biblioclo.com\/wp-content\/uploads\/2020\/08\/Au-coeur-du-temps-2.jpg\"><img loading=\"lazy\" decoding=\"async\" class=\"aligncenter size-full wp-image-10456\" style=\"border: 0px none;\" title=\"au-coeur-du-temps-2\" src=\"http:\/\/biblioclo.com\/wp-content\/uploads\/2020\/08\/Au-coeur-du-temps-2.jpg\" alt=\"\" width=\"500\" height=\"374\" srcset=\"https:\/\/biblioclo.com\/wp-content\/uploads\/2020\/08\/Au-coeur-du-temps-2.jpg 500w, https:\/\/biblioclo.com\/wp-content\/uploads\/2020\/08\/Au-coeur-du-temps-2-300x224.jpg 300w, https:\/\/biblioclo.com\/wp-content\/uploads\/2020\/08\/Au-coeur-du-temps-2-401x300.jpg 401w\" sizes=\"auto, (max-width: 500px) 100vw, 500px\" \/><\/a>De toutes les t\u00e9l\u00e9s\u00e9ries culte produites dans les ann\u00e9es 1960 et 1970, la s\u00e9rie AU C\u0152UR DU TEMPS d\u2019Irwin Allen est celle qui m\u2019a le plus fascin\u00e9. Cette s\u00e9rie m\u2019a accroch\u00e9 parce qu\u2019il y est question du temps, mon sujet de science-fiction pr\u00e9f\u00e9r\u00e9 en litt\u00e9rature. On retrouve donc deux scientifiques am\u00e9ricains dans un d\u00e9placement temporel perp\u00e9tuel. Les responsables peuvent suivre Tony et Doug, leur parler \u00e0 l\u2019occasion et m\u00eame leur faire parvenir du mat\u00e9riel dans leur espace-temps mais ils ne peuvent pas les ramener.<\/p>\n<p>Leurs d\u00e9placements deviennent autant de rencontres avec l\u2019histoire et ses acteurs comme Abraham Lincoln, Marco Polo, Marie-Antoinette, sans oublier les personnages mythiques comme Merlin, le roi Arthur, Ulysse et la guerre de Troie. \u00c9videmment, les \u00e9pisodes sont romanc\u00e9s et laissent \u00e0 penser que les savants peuvent modifier le cours du temps, ce qui n\u2019est pas r\u00e9aliste.<\/p>\n<p>Le livre propose une gen\u00e8se de la s\u00e9rie, une incursion dans les coulisses de tournage, une biographie des principaux interpr\u00e8tes, une pr\u00e9sentation de s\u00e9rie du m\u00eame genre et une fiche guide des trente \u00e9pisodes de la s\u00e9rie. Pour chaque \u00e9pisode, l\u2019auteur propose un synopsis, une \u00e9valuation et une pr\u00e9sentation de la plupart des acteurs et artisans avec leur r\u00e9pertoire t\u00e9l\u00e9visuel et leur filmographie, sans oublier les photos et documents (Il y en a plus de 500 dans le livre.)<\/p>\n<p>Comme ce fut le cas pour la s\u00e9rie AU-DEL\u00c0 DU R\u00c9EL, j\u2019ai eu la chance de visionner les 30 \u00e9pisodes de la s\u00e9rie AU C\u0152UR DU TEMPS et j\u2019ai \u00e9t\u00e9 \u00e0 m\u00eame de constater la justesse des \u00e9valuations propos\u00e9es dans les fiches guide. Autre d\u00e9tail important\u00a0: <em>Au c\u0153ur du temps<\/em> n\u2019a jamais rencontr\u00e9 un immense succ\u00e8s aux \u00c9tats-Unis. \u00c0 la fin de la premi\u00e8re saison, La soci\u00e9t\u00e9 ABC a propos\u00e9 au producteur de poursuivre l\u2019aventure, \u00e0 la seule condition que le budget soit consid\u00e9rablement diminu\u00e9. Irwin Allen a refus\u00e9.<\/p>\n<p>Il en d\u00e9coule que la s\u00e9rie s&rsquo;ach\u00e8ve sans qu&rsquo;elle ait re\u00e7u une fin mettant un terme aux aventures des deux scientifiques, lesquels sont condamn\u00e9s, en quelque sorte, \u00e0 poursuivre ind\u00e9finiment leur cycle de sauts temporels. J\u2019ai trouv\u00e9 \u00e7a frustrant \u00e9videmment et Didier Liardet explore dans son livres les motivations d\u2019ABC.<\/p>\n<p>Malgr\u00e9 tout, <strong><em>*S\u00e9rie pr\u00e9curseur du genre, AU C\u0152UR DU TEMPS, en d\u00e9pit de sa courte dur\u00e9e, fait partie des s\u00e9ries ayant travers\u00e9 les d\u00e9cennies en conservant une place privil\u00e9gi\u00e9e dans l\u2019imaginaire collectif des t\u00e9l\u00e9spectateurs du monde entier. * <\/em><\/strong>(Extrait) Ce livre, publi\u00e9 sur papier glac\u00e9 est vraiment bien fait. Sa pr\u00e9sentation est soign\u00e9e et tr\u00e8s agr\u00e9able.<\/p>\n<p>Je d\u00e9plore toutefois une faiblesse qui semble g\u00e9n\u00e9ralis\u00e9e dans la bibliographie sp\u00e9cialis\u00e9e de Liardet\u00a0: les photos d\u2019acteurs et d\u2019artisans ne sont pas identifi\u00e9es dans les fiches guide. Il devient difficile parfois d\u2019associer un acteur \u00e0 sa photo. Moi je trouve \u00e7a irritant. En dehors de ce d\u00e9sagr\u00e9ment, je n\u2019h\u00e9site pas \u00e0 recommander ce livre m\u00eame \u00e0 ceux et celles qui n\u2019ont jamais vu la s\u00e9rie\u2026d\u00e9paysement assur\u00e9.<\/p>\n<p>Suggestion de lecture, dans la m\u00eame s\u00e9rie et du m\u00eame auteur : <a href=\"https:\/\/biblioclo.com\/index.php\/2020\/10\/16\/au-dela-du-reel\/\">AU-DEL\u00c0 DU R\u00c9EL<\/a><\/p>\n<p style=\"text-align: center;\"><a href=\"http:\/\/biblioclo.com\/wp-content\/uploads\/2020\/08\/Au-coeur-du-temps-5.jpg\"><img loading=\"lazy\" decoding=\"async\" class=\"aligncenter  wp-image-10459\" title=\"au-coeur-du-temps-5\" src=\"http:\/\/biblioclo.com\/wp-content\/uploads\/2020\/08\/Au-coeur-du-temps-5.jpg\" alt=\"\" width=\"600\" height=\"415\" srcset=\"https:\/\/biblioclo.com\/wp-content\/uploads\/2020\/08\/Au-coeur-du-temps-5.jpg 600w, https:\/\/biblioclo.com\/wp-content\/uploads\/2020\/08\/Au-coeur-du-temps-5-300x208.jpg 300w, https:\/\/biblioclo.com\/wp-content\/uploads\/2020\/08\/Au-coeur-du-temps-5-434x300.jpg 434w\" sizes=\"auto, (max-width: 600px) 100vw, 600px\" \/><\/a><strong>Diff\u00e9rentes vues du complexe CHRONOGYRE<\/strong><\/p>\n<p style=\"text-align: center;\"><a href=\"http:\/\/biblioclo.com\/wp-content\/uploads\/2020\/08\/Au-ceur-du-temps-3.jpg\"><img loading=\"lazy\" decoding=\"async\" class=\"alignnone size-full wp-image-10461\" title=\"au-ceur-du-temps-3\" src=\"http:\/\/biblioclo.com\/wp-content\/uploads\/2020\/08\/Au-ceur-du-temps-3.jpg\" alt=\"\" width=\"253\" height=\"295\" \/><\/a><img loading=\"lazy\" decoding=\"async\" class=\"alignnone wp-image-10462 size-medium\" title=\"au-coeur-du-temps-4\" src=\"http:\/\/biblioclo.com\/wp-content\/uploads\/2020\/08\/Au-coeur-du-temps-4-198x300.jpg\" alt=\"\" width=\"198\" height=\"300\" srcset=\"https:\/\/biblioclo.com\/wp-content\/uploads\/2020\/08\/Au-coeur-du-temps-4-198x300.jpg 198w, https:\/\/biblioclo.com\/wp-content\/uploads\/2020\/08\/Au-coeur-du-temps-4.jpg 527w\" sizes=\"auto, (max-width: 198px) 100vw, 198px\" \/><\/p>\n<p><strong>Didier Liardet (\u00e0 gauche) est historien et sp\u00e9cialiste de s\u00e9ries t\u00e9l\u00e9vis\u00e9es. Dans le cadre de cette collection, il a publi\u00e9 des ouvrages de r\u00e9f\u00e9rence sur de nombreuses s\u00e9ries-cultes, les plus grandes s\u00e9ries t\u00e9l\u00e9vis\u00e9es britanniques et am\u00e9ricaines\u2026AU-DEL\u00c0 DU R\u00c9EL, COSMOS 1999, V et plusieurs autres<\/strong><br \/>\n<strong><br \/>\n<\/strong><strong>Irwin Allen (1916-1991)<\/strong><strong> est un r\u00e9alisateur, producteur et sc\u00e9nariste am\u00e9ricain qui a cr\u00e9\u00e9 en\u00a0 1964, <em>VOYAGE AU FOND DES MERS, <\/em>une s\u00e9rie de science-fiction qui jouit d&rsquo;une bonne popularit\u00e9. Il lance l&rsquo;ann\u00e9e suivante ce qui deviendra sa s\u00e9rie la plus c\u00e9l\u00e8bre : PERDUS <em>DANS L\u2019ESPACE<\/em>. <\/strong><strong>Suivent les s\u00e9ries AU <em>C\u0152UR DU TEMPS<\/em> et AU PAYS DES G\u00c9ANTS. Il produit, au d\u00e9but des ann\u00e9es 1970, <em>L\u2019AVENTURE DU POS\u00c9IDON qui lancera <\/em>la mode du \u2018film-catastrophe\u2019. <\/strong><\/p>\n<p><strong>Toujours dans la m\u00eame veine, irwin Allen connait un succ\u00e8s encore plus impressionnant avec sa production suivante, LA TOUR INFERNALE d\u00e9crivant un incendie dans un gratte-ciel. Le film met en vedette trois des acteurs les plus populaires de l\u2019\u00e9poque : Steeve McQueen, Paul Newman et Faye Dunnaway. <\/strong><strong>Il r\u00e9colte huit nominations aux oscars dont celle du meilleur film. LA TOUR INFERNALE est \u00e0 la fois un des films les plus connus du genre et le sommet de la carri\u00e8re d&rsquo;Irwin Allen. <\/strong><\/p>\n<p>Bonne lecture<br \/>\nClaude Lambert<br \/>\nle dimanche 16 ao\u00fbt 2020<\/p>\n","protected":false},"excerpt":{"rendered":"<p>G\u00e9n\u00e8se et histoire de la l\u00e9gendaire t\u00e9l\u00e9s\u00e9rie AU COEUR DU TEMPS Je commente le livre-documentaire de Didier Liardet sur la c\u00e9l\u00e8bre s\u00e9rie-culte <a href=\"https:\/\/biblioclo.com\/index.php\/2020\/08\/16\/au-coeur-du-temps\/\">Continuer la lecture <span class=\"meta-nav\"> \u00bb<\/span><\/a><\/p>\n<div class='heateorSssClear'><\/div><div style=\"float:right\" class='heateor_sss_sharing_container heateor_sss_horizontal_sharing' data-heateor-sss-href='https:\/\/biblioclo.com\/index.php\/2020\/08\/16\/au-coeur-du-temps\/'><div class='heateor_sss_sharing_title' style=\"font-weight:bold\" ><\/div><div class=\"heateor_sss_sharing_ul\"><a style=\"padding:7.35px 0 !important\" class=\"heateor_sss_facebook_share\"><div class=\"fb-share-button\" data-href=\"https:\/\/biblioclo.com\/index.php\/2020\/08\/16\/au-coeur-du-temps\/\" data-layout=\"button\"><\/div><\/a><\/div><div class=\"heateorSssClear\"><\/div><\/div><div class='heateorSssClear'><\/div>","protected":false},"author":3,"featured_media":10454,"comment_status":"open","ping_status":"open","sticky":false,"template":"","format":"standard","meta":{"footnotes":""},"categories":[4,5],"tags":[151,266,614,676,821,1572,1599,1694,1710,1711,1861],"class_list":["post-10453","post","type-post","status-publish","format-standard","has-post-thumbnail","hentry","category-compterendus","category-critiques","tag-aventure","tag-chronogyre","tag-espace-temps","tag-exploration","tag-histoire","tag-science-fiction-2","tag-serie-culte","tag-synopsis","tag-teleserie","tag-television","tag-voyage-temporel"],"_links":{"self":[{"href":"https:\/\/biblioclo.com\/index.php\/wp-json\/wp\/v2\/posts\/10453","targetHints":{"allow":["GET"]}}],"collection":[{"href":"https:\/\/biblioclo.com\/index.php\/wp-json\/wp\/v2\/posts"}],"about":[{"href":"https:\/\/biblioclo.com\/index.php\/wp-json\/wp\/v2\/types\/post"}],"author":[{"embeddable":true,"href":"https:\/\/biblioclo.com\/index.php\/wp-json\/wp\/v2\/users\/3"}],"replies":[{"embeddable":true,"href":"https:\/\/biblioclo.com\/index.php\/wp-json\/wp\/v2\/comments?post=10453"}],"version-history":[{"count":2,"href":"https:\/\/biblioclo.com\/index.php\/wp-json\/wp\/v2\/posts\/10453\/revisions"}],"predecessor-version":[{"id":18981,"href":"https:\/\/biblioclo.com\/index.php\/wp-json\/wp\/v2\/posts\/10453\/revisions\/18981"}],"wp:featuredmedia":[{"embeddable":true,"href":"https:\/\/biblioclo.com\/index.php\/wp-json\/wp\/v2\/media\/10454"}],"wp:attachment":[{"href":"https:\/\/biblioclo.com\/index.php\/wp-json\/wp\/v2\/media?parent=10453"}],"wp:term":[{"taxonomy":"category","embeddable":true,"href":"https:\/\/biblioclo.com\/index.php\/wp-json\/wp\/v2\/categories?post=10453"},{"taxonomy":"post_tag","embeddable":true,"href":"https:\/\/biblioclo.com\/index.php\/wp-json\/wp\/v2\/tags?post=10453"}],"curies":[{"name":"wp","href":"https:\/\/api.w.org\/{rel}","templated":true}]}}