{"id":10933,"date":"2020-10-30T07:48:37","date_gmt":"2020-10-30T07:48:37","guid":{"rendered":"http:\/\/jailu.mllambert.com\/?p=10933"},"modified":"2023-03-13T10:55:59","modified_gmt":"2023-03-13T10:55:59","slug":"le-glaive-de-dieu-tome-1","status":"publish","type":"post","link":"https:\/\/biblioclo.com\/index.php\/2020\/10\/30\/le-glaive-de-dieu-tome-1\/","title":{"rendered":"LE GLAIVE DE DIEU tome 1, livre de HERV\u00c9 GAGNON"},"content":{"rendered":"<p align=\"center\"><span style=\"color: #808000; font-size: 20px;\"><strong>VENGEANCE<\/strong><\/span><\/p>\n<p align=\"center\"><strong><em>*D\u00e8s que Pierre eut disparu, il prit un chandelier<br \/>\n\u00e0 sept branches qui tr\u00f4nait sur le grand buffet,<br \/>\nen alluma les bougies et le pla\u00e7a \u00e0 la fen\u00eatre.<br \/>\nC\u2019\u00e9tait le signal. Quelqu\u2019un viendrait bient\u00f4t.<br \/>\nIl s\u2019assit dans le salon et attendit. Sa t\u00e2che se<br \/>\nterminait et celle de son fils d\u00e9butait. *<br \/>\n<\/em><\/strong>(Extrait LE GLAIVE DE DIEU, Herv\u00e9 Gagnon,<br \/>\n\u00c9ditions Hurtubise 2013, \u00e9dition de papier, 441 p.)<\/p>\n<p><a href=\"http:\/\/biblioclo.com\/wp-content\/uploads\/2020\/10\/le-glaive-de-dieu-1.jpg\"><img loading=\"lazy\" decoding=\"async\" class=\"alignleft size-medium wp-image-10935\" style=\"border: 0px none;\" title=\"le-glaive-de-dieu-1\" src=\"http:\/\/jailu.mllambert.com\/wp-content\/uploads\/2020\/10\/le-glaive-de-dieu-1-200x300.jpg\" alt=\"\" width=\"200\" height=\"300\" srcset=\"https:\/\/biblioclo.com\/wp-content\/uploads\/2020\/10\/le-glaive-de-dieu-1-200x300.jpg 200w, https:\/\/biblioclo.com\/wp-content\/uploads\/2020\/10\/le-glaive-de-dieu-1.jpg 450w\" sizes=\"auto, (max-width: 200px) 100vw, 200px\" \/><\/a><strong>Montr\u00e9al, 1886. Jeune professeur d&rsquo;histoire, Pierre Moreau m\u00e8ne une existence simple et paisible jusqu&rsquo;au jour o\u00f9 son futur beau-p\u00e8re l&rsquo;entra\u00eene dans une rencontre de francs-ma\u00e7ons. Il est alors loin de se douter que, depuis des si\u00e8cles, une organisation secr\u00e8te fonde de grands espoirs sur lui. Il se voit oblig\u00e9 d&rsquo;entreprendre une qu\u00eate capitale et myst\u00e9rieuse, dont l&rsquo;\u00e9vocation seule fait trembler les hautes sph\u00e8res de l&rsquo;\u00c9glise. \u00c0 partir de ce moment, les menaces se multiplient sur son chemin, la mort frappe violemment autour de lui. Sa vie devient un cauchemar.\u00a0<\/strong><\/p>\n<p align=\"center\"><span style=\"color: #808000; font-size: 24px;\"><strong>LE TEMPS FORT DES MA\u00c7ONS<\/strong><\/span><br \/>\n<strong>*Gr\u00e2ce \u00e0 eux, un jour, les tra\u00eetres tomberaient, roul\u00e9s<br \/>\ndans la fange de leurs mensonges puis expos\u00e9s au<br \/>\nregard des autres pour ce qu\u2019ils \u00e9taient vraiment. La<br \/>\nr\u00e9putation des innocents serait lav\u00e9e dans la d\u00e9ch\u00e9ance<br \/>\ndes tyrans. La vengeance serait consomm\u00e9e.<br \/>\n<\/strong>(Extrait\u00a0: LE GLAIVE DE DIEU<strong>)<\/strong><\/p>\n<p>LE GLAIVE DE DIEU est un thriller th\u00e9ologique qui fait p\u00e9n\u00e9trer les lecteurs et lectrices dans l\u2019univers herm\u00e9tique de la <a href=\"https:\/\/www.google.ca\/search?q=franc-ma%C3%A7onnerie&amp;client=safari&amp;channel=ipad_bm&amp;ei=bLGlYveXArmlptQPmoa5qAY&amp;ved=0ahUKEwj3_fqzzKf4AhW5kokEHRpDDmUQ4dUDCA4&amp;uact=5&amp;oq=franc-ma%C3%A7onnerie&amp;gs_lcp=Cgdnd3Mtd2l6EAMyBggAEB4QBzIGCAAQHhAHMgYIABAeEAcyBggAEB4QBzIGCAAQHhAHMgYIABAeEAcyBggAEB4QBzIGCAAQHhAHMgYIABAeEAcyBggAEB4QBzoHCAAQRxCwA0oFCDwSATFKBAhBGABKBAhGGABQwwhYmA9gui1oAXABeACAAWOIAfYGkgECMTGYAQCgAQHIAQPAAQE&amp;sclient=gws-wiz\">franc-ma\u00e7onnerie<\/a> et des templiers. Pierre Moreau, un professeur d\u2019histoire, est entra\u00een\u00e9 dans une rencontre de francs-ma\u00e7ons. Il y est re\u00e7u et fera connaissance avec des personnages c\u00e9l\u00e8bres dont G\u00e9d\u00e9on Ouimet, ancien premier ministre du Qu\u00e9bec et Honor\u00e9 Beaugrand, c\u00e9l\u00e8bre journaliste et politicien.<\/p>\n<p>\u00c0 partir du moment o\u00f9 Moreau est devenu franc-ma\u00e7on, sa vie bascule violemment car il se retrouve au beau milieu d\u2019une guerre entre deux factions qui veulent s\u2019approprier L\u2019ARGUMENTUM qui contient un secret susceptible de faire imploser l\u2019\u00c9glise Catholique. Un secret longtemps prot\u00e9g\u00e9 par les templiers.<\/p>\n<p>Autour de Moreau, les cadavres s\u2019empilent, sa fianc\u00e9e est enlev\u00e9e, lui-m\u00eame est traqu\u00e9 car on le soup\u00e7onne d\u2019\u00eatre porteur d\u2019une cl\u00e9 menant \u00e0 l\u2019argumentum. Deux factions s\u2019opposent tr\u00e8s violemment pour en finir\u00a0: Le <strong>gladius dei <\/strong>veut mettre la main sur l\u2019argumentum pour le d\u00e9truire afin de prot\u00e9ger l\u2019\u00c9glise Catholique et l\u2019opus Magnum qui veut r\u00e9cup\u00e9rer l\u2019argumentum pour le rendre public et discr\u00e9diter d\u00e9finitivement l\u2019\u00c9glise.<\/p>\n<p>M\u00eame Moreau est traqu\u00e9 je le rappelle. On tente de le tuer plus d\u2019une fois. Les meurtres perp\u00e9tr\u00e9s dans cette histoire sont rituels et d\u2019un haut degr\u00e9 de sadisme. Je vous avertis donc que certains passages pourraient vous soulever le c\u0153ur.<\/p>\n<p>C\u2019est un livre un peu tourne-page. Il est difficile d\u2019en d\u00e9crocher. Le ton est donn\u00e9 d\u00e8s le d\u00e9part et les \u00e9v\u00e8nements s\u2019encha\u00eenent rapidement, parfois impr\u00e9visibles, jusqu\u2019\u00e0 la finale qui m\u2019a laiss\u00e9 pantois. On s\u2019attache rapidement \u00e0 Pierre Moreau car pour des raisons qu\u2019il ignore compl\u00e8tement, sa vie devient un enfer et le lecteur se surprend presque \u00e0 esp\u00e9rer fort que \u00e7a s\u2019arr\u00eate.<\/p>\n<p>Moreau est pris dabs un \u00e9tau puissant, entre deux sectes qui ont plein de secrets \u00e0 prot\u00e9ger, des signes pour se reconna\u00eetre, des r\u00e9unions dans des endroits adapt\u00e9s pour toutes de sortes de rituels parfois absurdes, le tout dans un climat de violence sans nom.<\/p>\n<p>Ce qui est un peu compliqu\u00e9 dans ce livre, c\u2019est de s\u00e9parer le vrai du faux. Heureusement, l\u2019auteur a \u00e9crit une note \u00e0 la fin de l\u2019ouvrage, une annexe qui d\u00e9partage la fiction des faits historiques. Personnellement, je ne la trouve pas compl\u00e8te, mais elle touche tout de m\u00eame l\u2019essentiel.<\/p>\n<p>Dans son histoire, le tr\u00e9sor mettant en p\u00e9ril la survie de l\u2019\u00e9glise est imaginaire. De plus, Herv\u00e9 Gagnon pr\u00e9cise\u00a0:\u00a0 <strong><em>*Les sources utilis\u00e9es sont diverses et tiennent davantage de la th\u00e9orie du complot que de la pratique historienne. *<\/em><\/strong> (extrait) Les personnages principaux sont imaginaires et \u00e9videmment la franc-ma\u00e7onnerie existe et elle a m\u00eame une longue histoire et il est vrai qu\u2019elle a ses rituels.<\/p>\n<p>Je me demande si l\u2019herm\u00e9tisme mentionn\u00e9 dans cette histoire est toutefois r\u00e9el. C\u2019est un des nombreux points que Gagnon ne pr\u00e9cise pas dans sa note. C\u2019est un bon livre, une histoire solide. Bien s\u00fbr, rien n\u2019est r\u00e9gl\u00e9 dans ce livre, il faut se r\u00e9f\u00e9rer \u00e0 la suite pour conna\u00eetre le sort de Pierre Moreau entre autres. L\u2019auteur s\u2019est arrang\u00e9 pour donner le go\u00fbt au lecteur de se diriger vers le tome 2 avec une finale assez singuli\u00e8re.<\/p>\n<p>La premi\u00e8re moiti\u00e9 du roman accuse des longueurs et le personnage principal est passablement brass\u00e9 dans cette histoire. L&rsquo;\u2019auteur m\u2019a fait faire un tr\u00e8s beau voyage dans le temps, l\u2019espace, l\u2019histoire par le biais d\u2019une plume nerveuse et magnifiquement document\u00e9e. C\u2019est un excellent roman.<\/p>\n<p>Vivement le tome 2 dans lequel Pierre Moreau est r\u00e9solu \u00e0 d\u00e9couvrir l\u2019argumentum.<\/p>\n<p>Suggestion de lecture : <a href=\"https:\/\/biblioclo.com\/index.php\/2021\/06\/11\/mort-a-credit-le-livre-de-louis-ferdinand-celine\/\">MORT \u00c0 CR\u00c9DIT<\/a>, de Louis-Ferdinand C\u00e9line<\/p>\n<p><a href=\"http:\/\/biblioclo.com\/wp-content\/uploads\/2020\/10\/le-glaive-de-dieu-2.jpg\"><img loading=\"lazy\" decoding=\"async\" class=\"alignleft size-medium wp-image-10940\" style=\"border: 0px none;\" title=\"le-glaive-de-dieu-2\" src=\"http:\/\/jailu.mllambert.com\/wp-content\/uploads\/2020\/10\/le-glaive-de-dieu-2-255x300.jpg\" alt=\"\" width=\"255\" height=\"300\" srcset=\"https:\/\/biblioclo.com\/wp-content\/uploads\/2020\/10\/le-glaive-de-dieu-2-255x300.jpg 255w, https:\/\/biblioclo.com\/wp-content\/uploads\/2020\/10\/le-glaive-de-dieu-2.jpg 556w\" sizes=\"auto, (max-width: 255px) 100vw, 255px\" \/><\/a><strong>Herv\u00e9 Gagnon, n\u00e9 en 1963, a enseign\u00e9 l&rsquo;histoire et la mus\u00e9ologie dans diverses universit\u00e9s. Depuis 2000, il a \u00e9crit plusieurs romans pour la jeunesse, dont plusieurs ont \u00e9t\u00e9 prim\u00e9s. Il est l&rsquo;auteur de la tr\u00e8s populaire s\u00e9rie Le Talisman de Nergal.\u00a0 La s\u00e9rie Malefica, qui se penche sur les heures sombres de l&rsquo;Inquisition et le sort des femmes gu\u00e9risseuses, a paru chez Hugo Roman en 2014 et 2015. Il est \u00e9galement l&rsquo;auteur de trois romans policiers ou l&rsquo;enqu\u00eate est men\u00e9e par le journaliste Joseph Laflamme . (<\/strong><a href=\"https:\/\/www.fnac.com\/Herve-Gagnon\/ia788728\/bio\"><strong>source<\/strong><\/a><strong>)<\/strong><\/p>\n<p style=\"text-align: center;\"><span style=\"color: #808000; font-size: 20px;\"><strong>LA SUITE<\/strong><\/span><\/p>\n<p style=\"text-align: left;\"><a href=\"http:\/\/biblioclo.com\/wp-content\/uploads\/2020\/10\/le-glaive-de-dieu-3.jpg\"><img loading=\"lazy\" decoding=\"async\" class=\"aligncenter size-full wp-image-10943\" style=\"border: 0px none;\" title=\"le-glaive-de-dieu-3\" src=\"http:\/\/biblioclo.com\/wp-content\/uploads\/2020\/10\/le-glaive-de-dieu-3.jpg\" alt=\"\" width=\"450\" height=\"674\" srcset=\"https:\/\/biblioclo.com\/wp-content\/uploads\/2020\/10\/le-glaive-de-dieu-3.jpg 450w, https:\/\/biblioclo.com\/wp-content\/uploads\/2020\/10\/le-glaive-de-dieu-3-200x300.jpg 200w\" sizes=\"auto, (max-width: 450px) 100vw, 450px\" \/><\/a>Bonne lecture<br \/>\nClaude Lambert<br \/>\nle vendredi 30 octobre 2020<\/p>\n","protected":false},"excerpt":{"rendered":"<p>Les Francs-Ma\u00e7ons lancent un jeune professeur dans une qu\u00eate myst\u00e9rieuse qui fait trembler les hautes sph\u00e8res de l&rsquo;\u00c9glise. LE GLAIVE DE DIEU de Herv\u00e9 Gagnon. <a href=\"https:\/\/biblioclo.com\/index.php\/2020\/10\/30\/le-glaive-de-dieu-tome-1\/\">Continuer la lecture <span class=\"meta-nav\"> \u00bb<\/span><\/a><\/p>\n<div class='heateorSssClear'><\/div><div style=\"float:right\" class='heateor_sss_sharing_container heateor_sss_horizontal_sharing' data-heateor-sss-href='https:\/\/biblioclo.com\/index.php\/2020\/10\/30\/le-glaive-de-dieu-tome-1\/'><div class='heateor_sss_sharing_title' style=\"font-weight:bold\" ><\/div><div class=\"heateor_sss_sharing_ul\"><a style=\"padding:7.35px 0 !important\" class=\"heateor_sss_facebook_share\"><div class=\"fb-share-button\" data-href=\"https:\/\/biblioclo.com\/index.php\/2020\/10\/30\/le-glaive-de-dieu-tome-1\/\" data-layout=\"button\"><\/div><\/a><\/div><div class=\"heateorSssClear\"><\/div><\/div><div class='heateorSssClear'><\/div>","protected":false},"author":3,"featured_media":10935,"comment_status":"open","ping_status":"open","sticky":false,"template":"","format":"standard","meta":{"footnotes":""},"categories":[4,5],"tags":[307,339,539,721,733,814,821,1514,1542,1578,1586,1718,1753,1845],"class_list":["post-10933","post","type-post","status-publish","format-standard","has-post-thumbnail","hentry","category-compterendus","category-critiques","tag-complot","tag-conspiration","tag-eglise","tag-foi","tag-franc-maconnerie","tag-hermetisme","tag-histoire","tag-rituels","tag-sadisme","tag-secret","tag-secte","tag-templiers","tag-thriller-theologique","tag-violence"],"_links":{"self":[{"href":"https:\/\/biblioclo.com\/index.php\/wp-json\/wp\/v2\/posts\/10933","targetHints":{"allow":["GET"]}}],"collection":[{"href":"https:\/\/biblioclo.com\/index.php\/wp-json\/wp\/v2\/posts"}],"about":[{"href":"https:\/\/biblioclo.com\/index.php\/wp-json\/wp\/v2\/types\/post"}],"author":[{"embeddable":true,"href":"https:\/\/biblioclo.com\/index.php\/wp-json\/wp\/v2\/users\/3"}],"replies":[{"embeddable":true,"href":"https:\/\/biblioclo.com\/index.php\/wp-json\/wp\/v2\/comments?post=10933"}],"version-history":[{"count":1,"href":"https:\/\/biblioclo.com\/index.php\/wp-json\/wp\/v2\/posts\/10933\/revisions"}],"predecessor-version":[{"id":19067,"href":"https:\/\/biblioclo.com\/index.php\/wp-json\/wp\/v2\/posts\/10933\/revisions\/19067"}],"wp:featuredmedia":[{"embeddable":true,"href":"https:\/\/biblioclo.com\/index.php\/wp-json\/wp\/v2\/media\/10935"}],"wp:attachment":[{"href":"https:\/\/biblioclo.com\/index.php\/wp-json\/wp\/v2\/media?parent=10933"}],"wp:term":[{"taxonomy":"category","embeddable":true,"href":"https:\/\/biblioclo.com\/index.php\/wp-json\/wp\/v2\/categories?post=10933"},{"taxonomy":"post_tag","embeddable":true,"href":"https:\/\/biblioclo.com\/index.php\/wp-json\/wp\/v2\/tags?post=10933"}],"curies":[{"name":"wp","href":"https:\/\/api.w.org\/{rel}","templated":true}]}}