{"id":15471,"date":"2021-12-18T09:04:52","date_gmt":"2021-12-18T09:04:52","guid":{"rendered":"https:\/\/jailu.mllambert.com\/?p=15471"},"modified":"2021-12-18T09:04:52","modified_gmt":"2021-12-18T09:04:52","slug":"le-vieux-qui-ne-voulait-pas-feter-son-anniversaire","status":"publish","type":"post","link":"https:\/\/biblioclo.com\/index.php\/2021\/12\/18\/le-vieux-qui-ne-voulait-pas-feter-son-anniversaire\/","title":{"rendered":"Le vieux qui ne voulait pas f\u00eater son anniversaire"},"content":{"rendered":"\n<p style=\"text-align: center;\"><span style=\"font-size: 24px; color: #ffcc00;\">Commentaire sur le livre de<\/span><br \/><span style=\"font-size: 24px; color: #ffcc00;\">JONAS JONASSON<\/span><\/p>\n<p><strong><em>*Ceux qui ne savent raconter la v\u00e9rit\u00e9,<br \/>ne m\u00e9ritent pas qu\u2019on les \u00e9coute,<br \/>r\u00e9pondait notre grand-p\u00e8re. * <br \/><\/em><\/strong>(Extrait\u00a0: LE VIEUX QUI NE VOULAIT PAS F\u00caTER SON ANNIVERSAIRE,<br \/>Jonas Jonasson, \u00e9dition originale papier\u00a0: Presses de la Cit\u00e9, 2011, 468p.<br \/>\u00c9dition audio\u00a0: Audiolib \u00e9diteur, 2013, narrateur\u00a0: Philippe R\u00e9simont, dur\u00e9e<br \/>d\u2019\u00e9coute\u00a0: 12 heures 49 minutes.)<\/p>\n<p><strong><img loading=\"lazy\" decoding=\"async\" class=\" wp-image-15482 alignleft\" src=\"http:\/\/biblioclo.com\/wp-content\/uploads\/2021\/12\/le-vieux-qui-ne-voulait-pas-feter-son-anniversaire-1-300x300.jpg\" alt=\"\" width=\"267\" height=\"267\" srcset=\"https:\/\/biblioclo.com\/wp-content\/uploads\/2021\/12\/le-vieux-qui-ne-voulait-pas-feter-son-anniversaire-1-300x300.jpg 300w, https:\/\/biblioclo.com\/wp-content\/uploads\/2021\/12\/le-vieux-qui-ne-voulait-pas-feter-son-anniversaire-1-150x150.jpg 150w, https:\/\/biblioclo.com\/wp-content\/uploads\/2021\/12\/le-vieux-qui-ne-voulait-pas-feter-son-anniversaire-1.jpg 500w\" sizes=\"auto, (max-width: 267px) 100vw, 267px\" \/>Alors que tous dans la maison de retraite s&rsquo;appr\u00eatent \u00e0 c\u00e9l\u00e9brer dignement son centi\u00e8me anniversaire, Allan Karlsson d\u00e9cide de fuguer. Chauss\u00e9 de ses plus belles charentaises, il saute par la fen\u00eatre de sa chambre et prend ses jambes \u00e0 son cou. D\u00e9butent alors une improbable cavale \u00e0 travers la Su\u00e8de et un voyage d\u00e9coiffant au c\u0153ur de l&rsquo;histoire du XXe si\u00e8cle. * Quand la vie joue les prolongations, il faut bien s&rsquo;autoriser quelques caprices. *\u00a0<\/strong><\/p>\n<p style=\"text-align: center;\"><span style=\"color: #ff6600;\"><strong><span style=\"font-size: 24px;\">Histoire du monde revisit\u00e9e<\/span><\/strong><\/span><br \/><strong><em>*La mauvaise nouvelle, dit Julius en baissant un<br \/>peu la voix, c\u2019est qu\u2019avec tout \u00e7a on a oubli\u00e9 <br \/>d\u2019\u00e9teindre la chambre froide avant d\u2019aller se coucher<br \/>\u00a0hier soir.\u00a0 &lt;Et alors&gt; s\u2019enquit Allan.\u00a0 &lt;Et alors le gars<br \/>\u00e0 l\u2019int\u00e9rieur est un ptit peu mort \u00e0 l\u2019heure qu\u2019il est&gt;.<br \/><\/em><\/strong>(Extrait)<\/p>\n<p style=\"text-align: left;\">Voici l\u2019incroyable histoire d\u2019Allan Karlsson, v\u00e9n\u00e9rable ma\u00eetre artificier, sp\u00e9cialiste de la dynamite. Le jour de son centi\u00e8me anniversaire, notre h\u00e9ros d\u00e9cide de d\u00e9serter la maison de retraite alors que tous s\u2019appr\u00eataient \u00e0 le f\u00eater. Mais Allan s\u2019en moquait. \u00c0 partir du moment o\u00f9 il a saut\u00e9 par la fen\u00eatre, c\u2019est un retour en arri\u00e8re que l\u2019auteur nous propose\u2026<\/p>\n<p style=\"text-align: left;\">l\u2019histoire d\u2019une vie aventureuse, rocambolesque qui va propulser Allan partout dans le monde pour y faire les plus inimaginables rencontres : Une petite r\u00e9union\u00a0 avec Harry Truman, une rencontre diplomatique avec le g\u00e9n\u00e9ral de Gaule, un d\u00eener avec Staline, qui sera trait\u00e9 plus tard de cingl\u00e9&#8230;d\u00eener qui sera interrompu abruptement par une question d\u00e9plac\u00e9e d\u2019Allan :<\/p>\n<p style=\"text-align: left;\">*<strong><em>Tu ne trouves pas que tu devrais raser cette moustache ? La soir\u00e9e se termina sur cette question. L\u2019interpr\u00e8te avait perdu connaissance. * <\/em><\/strong>(Extrait)<\/p>\n<p style=\"text-align: left;\">Ajoutons \u00e0 cela des conversations \u00e9difiantes avec le g\u00e9n\u00e9ral Franco, une d\u00e9gustation de nouilles avec Mao Tse Tong qui sera qualifi\u00e9 de gros lard sans oublier quelques flirts \u00e0 la cour de Su\u00e8de. La liste n\u2019est pas exhaustive.<\/p>\n<p>Le r\u00e9cit je le rappelle est rocambolesque. Il y a des longueurs, du papotage, un peu d\u2019errance. L\u2019ensemble est improbable et caricatural. Mais c\u2019est dr\u00f4le. Personnellement j\u2019ai beaucoup appr\u00e9ci\u00e9 Allan, dynamiteur, destructeur de pont, buveur inv\u00e9t\u00e9r\u00e9, espion et diplomate souvent en carence de diplomatie.<\/p>\n<p>J\u2019ai aim\u00e9 son *je m\u2019en foutisme*, son sens de la r\u00e9partie et sa philosophie \u00e0 deux dollars\u00a0: <strong><em>*&lt;La vengeance ne sert \u00e0 rien.&gt; le sermonna Allan. Il en est de la vengeance comme de la politique. L\u2019une m\u00e8ne \u00e0 l\u2019autre et le mauvais conduit au pire qui aboutit en fin de compte \u00e0 l\u2019intol\u00e9rable. *<\/em><\/strong><\/p>\n<p>L\u2019auteur est habile car avec le parcours de la vie d\u2019Allan, il survole les grands moments de l\u2019histoire. L\u2019intervention d\u2019Allan dans l\u2019histoire est tordue, l\u2019auteur ayant imagin\u00e9 entre autres que son h\u00e9ros ait \u00e9t\u00e9 responsable en partie de l\u2019effondrement de l\u2019Union Sovi\u00e9tique.<\/p>\n<p>Ce parcours n\u2019est pas sans me rappeler un film extraordinaire\u00a0: <a href=\"https:\/\/fr.wikipedia.org\/wiki\/Forrest_Gump\">FOREST GUMP<\/a> qu\u2019on qualifiait de simple d\u2019esprit et qui est devenu malgr\u00e9 lui un acteur et m\u00eame l\u2019instigateur des grands \u00e9v\u00e8nements qui ont marqu\u00e9 les \u00c9tats-Unis entre les ann\u00e9es 1950 et 1980.<\/p>\n<p>J\u2019ai trouv\u00e9 le r\u00e9cit satirique, ce qui n\u2019est pas pour me d\u00e9plaire. Je rejoins l\u2019auteur entre autres pour sa description des personnages politiques qui ont marqu\u00e9 l\u2019histoire, descriptions loin d\u2019\u00eatre flatteuses et qui sont m\u00eame parfois virulentes, par exemple, le fait que le num\u00e9ro un sovi\u00e9tique Leonid Brejnev puait et pas \u00e0 peu pr\u00e8s.<\/p>\n<p>Ce roman, si je vais au-del\u00e0 de son petit caract\u00e8re burlesque, a \u00e9t\u00e9 pour moi une grande \u00e9vasion car non seulement l\u2019histoire est originale et bourr\u00e9e de trouvailles mais le r\u00e9cit a toutes les qualit\u00e9s litt\u00e9raires que je recherche. L\u2019histoire est extravagante mais la plume soutient une logique qui tient lieu de fil conducteur.<\/p>\n<p>Je vous invite donc \u00e0 faire la connaissance d\u2019un grand petit monsieur\u00a0: Allan Karlsson, un personnage zen, spontan\u00e9, r\u00e9solument jovial, ne connaissant pas la col\u00e8re. Je crois que l\u2019auteur s\u2019est arrang\u00e9 pour que j\u2019aie envie de conna\u00eetre Allan.<\/p>\n<p>Pour terminer mon commentaire, j\u2019extrais du roman une petite phrase qui r\u00e9sume \u00e0 merveille la motivation de l\u2019auteur dans le montage de son histoire et qui fait qu\u2019on peut comprendre son cachet mondain, d\u00e9jant\u00e9 et un peu excessif : <strong><em>*Sa vie avait \u00e9t\u00e9 passionnante. \u00a0Mais rien ne dure \u00e9ternellement.\u00a0 \u00c0 part peut-\u00eatre la b\u00eatise humaine. *<\/em><\/strong><\/p>\n<p>Suggestion de lecture : <a href=\"https:\/\/jailu.mllambert.com\/2019\/03\/02\/histoire-dune-mouette-et-du-chat-qui-lui-apprit-a-voler\/\">HISTOIRE D&rsquo;UNE MOUETTE ET DU CHAT QUI LUI APPRIT \u00c0 VOLER<\/a> de Luis Sepulveda<\/p>\n<p><strong><img loading=\"lazy\" decoding=\"async\" class=\"size-full wp-image-15485 alignright\" src=\"http:\/\/biblioclo.com\/wp-content\/uploads\/2021\/12\/le-vieux-qui-ne-voulait-pas-feter-son-anniversaire-2.jpg\" alt=\"\" width=\"220\" height=\"168\" \/>N\u00e9 en Su\u00e8de en 1961, <\/strong><strong><u>Jonas Jonasson<\/u><\/strong><strong>, ancien journaliste et consultant pour les m\u00e9dias, est l&rsquo;auteur du <em>Vieux qui ne voulait pas f\u00eater son anniversaire<\/em>, son premier roman, qui a connu un immense succ\u00e8s dans la trentaine de pays o\u00f9 il a \u00e9t\u00e9 publi\u00e9 et qui a \u00e9t\u00e9 adapt\u00e9 au cin\u00e9ma (voir ci-bas) <em>L&rsquo;Analphab\u00e8te qui savait compter<\/em> est son deuxi\u00e8me livre.<\/strong><\/p>\n<p><span style=\"color: #ff6600;\"><strong>AU CIN\u00c9MA<\/strong><\/span><\/p>\n<p style=\"text-align: center;\"><img loading=\"lazy\" decoding=\"async\" class=\"alignnone  wp-image-15487\" src=\"http:\/\/biblioclo.com\/wp-content\/uploads\/2021\/12\/le-vieux-qui-ne-voulait-pas-feter-son-anniversaire-3-300x200.jpg\" alt=\"\" width=\"407\" height=\"277\" \/><br \/><br \/><strong><span style=\"color: #ff6600;\">Photo de Robert Gustafsson extraite du film \u00e9ponyme, r\u00e9alis\u00e9 par F\u00e9ix Herngren<br \/>et sorti en mai 2014<\/span><\/strong><\/p>\n<p style=\"text-align: center;\"><img loading=\"lazy\" decoding=\"async\" class=\"alignnone size-full wp-image-15489\" src=\"http:\/\/biblioclo.com\/wp-content\/uploads\/2021\/12\/le-vieux-qui-ne-voulait-pas-feter-son-anniversaire-4.jpg\" alt=\"\" width=\"280\" height=\"220\" \/><br \/><br \/><\/p>\n<p>Philippe R\u00e9simont br\u00fble les planches depuis plus de 20 ans dans des registres tr\u00e8s diff\u00e9rents (<a href=\"https:\/\/fr.wikipedia.org\/wiki\/Cyrano_de_Bergerac_(Rostand)\">Cyrano de Bergerac<\/a>, Ladies night) Il participe aussi \u00e0 quelques aventures cin\u00e9matographiques comme LES CONVOYEURS ATTENDENT et MATERNELLE. Enfin il performe magnifiquement dans l\u2019univers du livre audio avec, entre autres DANS L\u2019OMBRE et PASSAGE DES OMBRES d\u2019Arnaldur Indridason,\u00a0<\/p>\n<p>Bonne lecture<br \/>Claude Lambert<br \/>Le samedi 18 d\u00e9cembre 2021<\/p>\n","protected":false},"excerpt":{"rendered":"<p>Le jour de son 100e anniversaire, Allan d\u00e9cide de fuguer. D\u00e9butent alors une improbable cavale \u00e0 travers la Su\u00e8de et l&rsquo;histoire.  <a href=\"https:\/\/biblioclo.com\/index.php\/2021\/12\/18\/le-vieux-qui-ne-voulait-pas-feter-son-anniversaire\/\">Continuer la lecture <span class=\"meta-nav\"> \u00bb<\/span><\/a><\/p>\n<div class='heateorSssClear'><\/div><div style=\"float:right\" class='heateor_sss_sharing_container heateor_sss_horizontal_sharing' data-heateor-sss-href='https:\/\/biblioclo.com\/index.php\/2021\/12\/18\/le-vieux-qui-ne-voulait-pas-feter-son-anniversaire\/'><div class='heateor_sss_sharing_title' style=\"font-weight:bold\" ><\/div><div class=\"heateor_sss_sharing_ul\"><a style=\"padding:7.35px 0 !important\" class=\"heateor_sss_facebook_share\"><div class=\"fb-share-button\" data-href=\"https:\/\/biblioclo.com\/index.php\/2021\/12\/18\/le-vieux-qui-ne-voulait-pas-feter-son-anniversaire\/\" data-layout=\"button\"><\/div><\/a><\/div><div class=\"heateorSssClear\"><\/div><\/div><div class='heateorSssClear'><\/div>","protected":false},"author":3,"featured_media":15482,"comment_status":"open","ping_status":"open","sticky":false,"template":"","format":"standard","meta":{"footnotes":""},"categories":[4,5],"tags":[151,208,226,645,746,821,842,1559,1838],"class_list":["post-15471","post","type-post","status-publish","format-standard","has-post-thumbnail","hentry","category-compterendus","category-critiques","tag-aventure","tag-burlesque","tag-caricature","tag-evenements","tag-fugue","tag-histoire","tag-humour","tag-satire","tag-vieillesse"],"_links":{"self":[{"href":"https:\/\/biblioclo.com\/index.php\/wp-json\/wp\/v2\/posts\/15471","targetHints":{"allow":["GET"]}}],"collection":[{"href":"https:\/\/biblioclo.com\/index.php\/wp-json\/wp\/v2\/posts"}],"about":[{"href":"https:\/\/biblioclo.com\/index.php\/wp-json\/wp\/v2\/types\/post"}],"author":[{"embeddable":true,"href":"https:\/\/biblioclo.com\/index.php\/wp-json\/wp\/v2\/users\/3"}],"replies":[{"embeddable":true,"href":"https:\/\/biblioclo.com\/index.php\/wp-json\/wp\/v2\/comments?post=15471"}],"version-history":[{"count":0,"href":"https:\/\/biblioclo.com\/index.php\/wp-json\/wp\/v2\/posts\/15471\/revisions"}],"wp:featuredmedia":[{"embeddable":true,"href":"https:\/\/biblioclo.com\/index.php\/wp-json\/wp\/v2\/media\/15482"}],"wp:attachment":[{"href":"https:\/\/biblioclo.com\/index.php\/wp-json\/wp\/v2\/media?parent=15471"}],"wp:term":[{"taxonomy":"category","embeddable":true,"href":"https:\/\/biblioclo.com\/index.php\/wp-json\/wp\/v2\/categories?post=15471"},{"taxonomy":"post_tag","embeddable":true,"href":"https:\/\/biblioclo.com\/index.php\/wp-json\/wp\/v2\/tags?post=15471"}],"curies":[{"name":"wp","href":"https:\/\/api.w.org\/{rel}","templated":true}]}}