{"id":17698,"date":"2022-10-01T07:22:50","date_gmt":"2022-10-01T07:22:50","guid":{"rendered":"https:\/\/jailu.mllambert.com\/?p=17698"},"modified":"2022-10-01T07:22:50","modified_gmt":"2022-10-01T07:22:50","slug":"il-pleuvait-des-oiseaux-jocelyne-saucier","status":"publish","type":"post","link":"https:\/\/biblioclo.com\/index.php\/2022\/10\/01\/il-pleuvait-des-oiseaux-jocelyne-saucier\/","title":{"rendered":"IL PLEUVAIT DES OISEAUX, Jocelyne Saucier"},"content":{"rendered":"\n<p style=\"text-align: right;\"><em><strong>*\u2026o\u00f9 il sera question de grands disparus, de pacte<\/strong><br \/><strong>de mort qui donne son sel \u00e0 la vie, du puissant<\/strong><br \/><strong>appel de la for\u00eat et de l\u2019amour qui donne aussi<\/strong><br \/><strong>son prix \u00e0 la vie\u2026*<\/strong> <\/em>(Extrait\u00a0: IL PLEUVAIT DES<br \/>OISEAUX, Jocelyne Saucier, \u00e0 l\u2019origine, XYZ \u00e9diteur,<br \/>179 pages, 2011. version audio\u00a0: Audible studios<br \/>\u00e9diteur, 2018. Dur\u00e9e d\u2019\u00e9coute\u00a0: 4 heures 57 minutes,<br \/>narrateurs\u00a0: Jacques Clermont et Dominique Petin.)<\/p>\n<p><img loading=\"lazy\" decoding=\"async\" class=\"size-medium wp-image-17700 alignleft\" src=\"http:\/\/biblioclo.com\/wp-content\/uploads\/2022\/09\/Il-pleuvait-des-oiseaux-3-300x300.jpg\" alt=\"\" width=\"300\" height=\"300\" srcset=\"https:\/\/biblioclo.com\/wp-content\/uploads\/2022\/09\/Il-pleuvait-des-oiseaux-3-300x300.jpg 300w, https:\/\/biblioclo.com\/wp-content\/uploads\/2022\/09\/Il-pleuvait-des-oiseaux-3-150x150.jpg 150w, https:\/\/biblioclo.com\/wp-content\/uploads\/2022\/09\/Il-pleuvait-des-oiseaux-3.jpg 500w\" sizes=\"auto, (max-width: 300px) 100vw, 300px\" \/>Une photographe du <em>Herald Tribune<\/em> part r\u00e9aliser un reportage sur la r\u00e9gion du T\u00e9miscamingue, dont les for\u00eats ont \u00e9t\u00e9 ravag\u00e9es par de gigantesques incendies au d\u00e9but du XXe si\u00e8cle. Elle y trouve une communaut\u00e9 de marginaux fantasques et solitaires, dont Tom et Charlie, deux vieillards qui ont surv\u00e9cu \u00e0 l&rsquo;incendie et vivent en ermites au fond des bois. D&rsquo;abord m\u00e9fiants puis d\u00e9termin\u00e9s \u00e0 aider la photographe dans son enqu\u00eate, les deux hommes voient leur quotidien chamboul\u00e9.<\/p>\n<p>Et, soudain, lorsqu&rsquo;arrive Marie-Desneiges, octog\u00e9naire \u00e9nigmatique tout juste \u00e9chapp\u00e9e de sa maison de retraite, la vie, puis contre toute attente l&rsquo;amour, reprend peu \u00e0 peu ses droits.<\/p>\n<p style=\"text-align: center;\"><span style=\"font-size: 28px; color: #339966;\">Po\u00e9tique et vert<\/span> <br \/><strong><em>*Dans son visage tout rid\u00e9, il y avait la peur<br \/>et la fascination de la peur. D\u2019un mince doigt<br \/>gracile, elle a d\u00e9sign\u00e9 le monstre empaill\u00e9 de<br \/>fureur blonde. Elle n\u2019avait aucune id\u00e9e de ce<br \/>que c\u2019\u00e9tait\u2026\u00a0 * <\/em><\/strong>(Extrait)<\/p>\n<p style=\"text-align: center;\"><img loading=\"lazy\" decoding=\"async\" class=\"alignnone  wp-image-17005\" src=\"http:\/\/biblioclo.com\/wp-content\/uploads\/2022\/06\/audio-2-300x300.png\" alt=\"\" width=\"97\" height=\"97\" srcset=\"https:\/\/biblioclo.com\/wp-content\/uploads\/2022\/06\/audio-2-300x300.png 300w, https:\/\/biblioclo.com\/wp-content\/uploads\/2022\/06\/audio-2-150x150.png 150w, https:\/\/biblioclo.com\/wp-content\/uploads\/2022\/06\/audio-2.png 720w\" sizes=\"auto, (max-width: 97px) 100vw, 97px\" \/><\/p>\n<p>C&rsquo;est un roman d&rsquo;une belle profondeur, bien b\u00e2ti et fortement impr\u00e9gn\u00e9 de douceur, de chaleur et d&rsquo;\u00e9motion et avec, comme toile de fond les incendies de for\u00eats les plus meurtriers de l&rsquo;histoire du Canada au d\u00e9but du XXe si\u00e8cle, incendies qui ont d\u00e9truit de gigantesques espaces dans le nord de l&rsquo;Ontario jusqu&rsquo;\u00e0 Cochrane et Matheson, touchant durement une partie de l&rsquo;Abitibi-T\u00e9miscamingue.<\/p>\n<p>Une photographe du Herald est charg\u00e9e de se rendre \u00e0 Matheson pour recueillir les t\u00e9moignages d&rsquo;hommes et de femmes qui sont devenus aujourd&rsquo;hui des vieillards. Elle veut particuli\u00e8rement recueillir les propos de trois vieillards, Tom et Charlie mais le troisi\u00e8me, Boychuck n&rsquo;est plus l\u00e0,\u00a0 Il est mort. Pourtant, ce sera le personnage qui induira le plus d&#8217;empathie dans le r\u00e9cit de Jocelyne Saucier&#8230;<\/p>\n<p>Boychuk, 14 ans au moment des grands feux et qui, agress\u00e9 par les flammes et la fum\u00e9e, aveugle, marche et cherche son amoureuse avec l&rsquo;\u00e9nergie du d\u00e9sespoir. Il faut voir et entendre comment la photographe bouleversera la vie des vieillards. Et voil\u00e0 qu&rsquo;arrive le personnage le plus \u00e9nigmatique et le plus original de l&rsquo;histoire.<\/p>\n<p>Marie-Desneiges a 82 ans. Lib\u00e9r\u00e9e apr\u00e8s 66 ans \u00e0 l&rsquo;asile et elle se souvient&#8230;elle se souvient qu&rsquo;il pleuvait des oiseaux. En tant qu&rsquo;auditeur, une brise chaude est venue m&rsquo;envelopper. C&rsquo;est le caract\u00e8re humain du r\u00e9cit qui est surtout venu me chercher. <br \/><br \/>C&rsquo;est ainsi que le r\u00e9cit, assis sur un inimaginable drame humain et environnemental devient une chronique des souvenirs de vieillards, des hommes qui ont choisi la for\u00eat pour y vivre et mourir au moment qu&rsquo;eux-m\u00eames auront choisi.<\/p>\n<p>Le r\u00e9cit d\u00e9veloppe les difficult\u00e9s et les mis\u00e8res de la vieillesse vivant \u00e0 l&rsquo;\u00e9cart de la Soci\u00e9t\u00e9 bien s\u00fbr, mais aussi l&rsquo;amour, continuellement mis en attente et qui est pourtant ardent, sp\u00e9cialement dans le coeur de Boychuck que j&rsquo;ai trouv\u00e9 particuli\u00e8rement attachant. J&rsquo;irai plus loin en disant que l&rsquo;auteur jette un regard critique sur notre Soci\u00e9t\u00e9 et ses vieux et ses vieilles qui donnent parfois l&rsquo;impression d&rsquo;\u00eatre dans une voix de garage.<\/p>\n<p>\u00c0 cet effet, j&rsquo;ai beaucoup appr\u00e9ci\u00e9 la plume de l&rsquo;auteur, exempte de jugements, de propos moralisateurs et de philosophie bon march\u00e9. Il pleuvait des oiseaux est un hommage \u00e0 la vie et \u00e0 la libert\u00e9. C&rsquo;est aussi une r\u00e9flexion sur les choix qu&rsquo;imposent une fin de vie. ll y a beaucoup d&rsquo;\u00e9motion dans l&rsquo;histoire.<\/p>\n<p>Quand j&rsquo;ai entendu qu&rsquo;il pleuvait des oiseaux, j&rsquo;ai eu un long frisson tout le long du dos et jusqu&rsquo;au coeur. L&rsquo;auteur m&rsquo;a fig\u00e9 et elle m&rsquo;a emmen\u00e9 o\u00f9 elle voulait. \u00c0 l&rsquo;audition, vous ne tarderez pas \u00e0 saisir le sens du titre. Et l\u00e0, l&rsquo;addiction vous guette. <br \/><br \/>C&rsquo;est une belle histoire, \u00e9mouvante et sensible. J&rsquo;y note tr\u00e8s peu de faiblesse \u00e0 part peut-\u00eatre la question du choix de la mort, le choix du moment, le choix de la fa\u00e7on, le poison en particulier. La fin de vie est abord\u00e9e avec une l\u00e9g\u00e8ret\u00e9 un peu irritante.<\/p>\n<p>Finalement, une introduction un peu longue, teint\u00e9e d&rsquo;ind\u00e9cision et une finale qui m&rsquo;a sembl\u00e9 un peu exp\u00e9di\u00e9e. Entre les deux, un r\u00e9cit addictif avec un un fil conducteur solide que symbolise le courageux Boychuck. La beaut\u00e9 de l&rsquo;\u00e9criture est \u00e0 la limite de la po\u00e9sie.<\/p>\n<p><strong> &lt;<em>Tout est l\u00e0, ce p\u00e9tillement de lumi\u00e8re rose dans les yeux d\u2019une petite vieille qui s\u2019amuse avec son \u00e2ge et cette image d\u2019une pluie d\u2019oiseaux sous un ciel noir\u2026s\u00e9duite et intrigu\u00e9e par toutes ces vieilles personnes qui avaient la t\u00eate peupl\u00e9e des m\u00eames images, la photographe\u2026 en \u00e9tait venue \u00e0 les aimer plus qu\u2019elle n\u2019aurait cru.<\/em> &gt;<\/strong>\u00a0 Extrait\u2026<\/p>\n<p>L&rsquo;\u00e9coute n&rsquo;est pas trop longue et j&rsquo;ai trouv\u00e9 la narration de Jacques Clermont et Dominique Petin tr\u00e8s agr\u00e9able m\u00eame si je me suis questionn\u00e9 sur la n\u00e9cessit\u00e9 de mettre deux voix l\u00e0-dessus. Enfin, je crois que je vais me rappeler longtemps de ce livre. J&rsquo;ai vu le film aussi, je ne ferai pas de commentaire sur l&rsquo;adaptation \u00e0 part que je pr\u00e9f\u00e8re de loin le livre audio.<\/p>\n<p>Suggestion de lecture : <a href=\"https:\/\/jailu.mllambert.com\/2022\/06\/05\/les-mondes-caches-bandes-dessinees\/\">LES MONDES CACH\u00c9S<\/a>, bande dessin\u00e9e de Denis-Pierre Filippi et Silvio Camboni<\/p>\n<p style=\"text-align: center;\"><span style=\"font-size: 24px; color: #339966;\">IL PLEUVAIT DES OISEAUX au cin\u00e9ma<\/span><\/p>\n<p style=\"text-align: center;\"><img loading=\"lazy\" decoding=\"async\" class=\"alignnone  wp-image-17704\" src=\"http:\/\/biblioclo.com\/wp-content\/uploads\/2022\/09\/Il-pleuvait-des-oiseaux-2-194x300.jpg\" alt=\"\" width=\"267\" height=\"404\" \/><\/p>\n<p style=\"text-align: center;\"><img loading=\"lazy\" decoding=\"async\" class=\"alignnone  wp-image-17705\" src=\"http:\/\/biblioclo.com\/wp-content\/uploads\/2022\/09\/il-pleuvait-des-oiseaux-5-300x120.jpg\" alt=\"\" width=\"444\" height=\"188\" \/><\/p>\n<p>IL PLEUVAIT DES OISEAUX a \u00e9t\u00e9 <a href=\"https:\/\/www.cinoche.com\/films\/il-pleuvait-des-oiseaux\">adapt\u00e9 \u00e0 l\u2019\u00e9cran<\/a> en 2019. Sc\u00e9naris\u00e9 et r\u00e9alis\u00e9 par Louise Archambault, Le film r\u00e9unit \u00e0 l\u2019\u00e9cran Andr\u00e9e Lachapelle, Gilbert Sicotte R\u00e9my Girard, \u00c8ve Landry, \u00c9ric Robidoux et Louise Portal. Prod.\u00a0: Ginette Petit<\/p>\n<p style=\"text-align: center;\"><img loading=\"lazy\" decoding=\"async\" class=\"alignnone  wp-image-17708\" src=\"http:\/\/biblioclo.com\/wp-content\/uploads\/2022\/09\/il-pleuvait-des-oiseaux-4-300x169.jpg\" alt=\"\" width=\"359\" height=\"208\" \/><\/p>\n<p>Jocelyne Saucier est romanci\u00e8re. Ses trois premiers romans, <em>La vie comme une image<\/em> (finaliste, Prix du Gouverneur g\u00e9n\u00e9ral), <em>Les h\u00e9ritiers de la mine <\/em>(finaliste, prix France-Qu\u00e9bec) et <em>Jeanne sur les routes<\/em> (finaliste, Prix du Gouverneur g\u00e9n\u00e9ral et prix Ringuet) ont \u00e9t\u00e9 chaleureusement accueillis par la critique.<\/p>\n<p><em>Il pleuvait des oiseaux<\/em>, son ode \u00e0 la libert\u00e9 parue en 2011, lui a valu de nombreux prix et a conquis le c\u0153ur d\u2019un tr\u00e8s vaste public en une quinzaine de langues, en plus d\u2019avoir fait l\u2019objet d\u2019une adaptation au cin\u00e9ma par Louise Archambault.<\/p>\n<p>\u00a0<\/p>\n<p><span style=\"font-size: 20px;\">Bonne \u00e9coute<\/span><br \/><span style=\"font-size: 20px;\">Claude Lambert<\/span><br \/><span style=\"font-size: 20px;\">le samedi 1er octobre 2022<\/span><\/p>\n","protected":false},"excerpt":{"rendered":"<p>Un reporter recueille des t\u00e9moignages d&rsquo;a\u00een\u00e9s sur les incendies qui ont ravag\u00e9 le T\u00e9miscamingue au d\u00e9but du XXe si\u00e8cle. Je commente le livre de Jocelyne Saucier <a href=\"https:\/\/biblioclo.com\/index.php\/2022\/10\/01\/il-pleuvait-des-oiseaux-jocelyne-saucier\/\">Continuer la lecture <span class=\"meta-nav\"> \u00bb<\/span><\/a><\/p>\n<div class='heateorSssClear'><\/div><div style=\"float:right\" class='heateor_sss_sharing_container heateor_sss_horizontal_sharing' data-heateor-sss-href='https:\/\/biblioclo.com\/index.php\/2022\/10\/01\/il-pleuvait-des-oiseaux-jocelyne-saucier\/'><div class='heateor_sss_sharing_title' style=\"font-weight:bold\" ><\/div><div class=\"heateor_sss_sharing_ul\"><a style=\"padding:7.35px 0 !important\" class=\"heateor_sss_facebook_share\"><div class=\"fb-share-button\" data-href=\"https:\/\/biblioclo.com\/index.php\/2022\/10\/01\/il-pleuvait-des-oiseaux-jocelyne-saucier\/\" data-layout=\"button\"><\/div><\/a><\/div><div class=\"heateorSssClear\"><\/div><\/div><div class='heateorSssClear'><\/div>","protected":false},"author":3,"featured_media":17700,"comment_status":"open","ping_status":"open","sticky":false,"template":"","format":"standard","meta":{"footnotes":""},"categories":[4,5],"tags":[18,63,510,512,552,716,821,1517,1616,1713],"class_list":["post-17698","post","type-post","status-publish","format-standard","has-post-thumbnail","hentry","category-compterendus","category-critiques","tag-abitbi","tag-aines","tag-drame-environnemental","tag-drame-humain","tag-emotion","tag-fin-de-vie","tag-histoire","tag-roman","tag-societe","tag-temoignage"],"_links":{"self":[{"href":"https:\/\/biblioclo.com\/index.php\/wp-json\/wp\/v2\/posts\/17698","targetHints":{"allow":["GET"]}}],"collection":[{"href":"https:\/\/biblioclo.com\/index.php\/wp-json\/wp\/v2\/posts"}],"about":[{"href":"https:\/\/biblioclo.com\/index.php\/wp-json\/wp\/v2\/types\/post"}],"author":[{"embeddable":true,"href":"https:\/\/biblioclo.com\/index.php\/wp-json\/wp\/v2\/users\/3"}],"replies":[{"embeddable":true,"href":"https:\/\/biblioclo.com\/index.php\/wp-json\/wp\/v2\/comments?post=17698"}],"version-history":[{"count":0,"href":"https:\/\/biblioclo.com\/index.php\/wp-json\/wp\/v2\/posts\/17698\/revisions"}],"wp:featuredmedia":[{"embeddable":true,"href":"https:\/\/biblioclo.com\/index.php\/wp-json\/wp\/v2\/media\/17700"}],"wp:attachment":[{"href":"https:\/\/biblioclo.com\/index.php\/wp-json\/wp\/v2\/media?parent=17698"}],"wp:term":[{"taxonomy":"category","embeddable":true,"href":"https:\/\/biblioclo.com\/index.php\/wp-json\/wp\/v2\/categories?post=17698"},{"taxonomy":"post_tag","embeddable":true,"href":"https:\/\/biblioclo.com\/index.php\/wp-json\/wp\/v2\/tags?post=17698"}],"curies":[{"name":"wp","href":"https:\/\/api.w.org\/{rel}","templated":true}]}}