{"id":18552,"date":"2023-01-08T10:15:25","date_gmt":"2023-01-08T10:15:25","guid":{"rendered":"https:\/\/biblioclo.com\/?p=18552"},"modified":"2025-03-01T18:02:01","modified_gmt":"2025-03-01T18:02:01","slug":"immortelle-randonnee-1-compostelle-malgre-moi","status":"publish","type":"post","link":"https:\/\/biblioclo.com\/index.php\/2023\/01\/08\/immortelle-randonnee-1-compostelle-malgre-moi\/","title":{"rendered":"IMMORTELLE RANDONN\u00c9E (1) Compostelle malgr\u00e9 moi"},"content":{"rendered":"<p><span style=\"font-size: 18pt; background-color: #ff6600;\">Commentaire <span style=\"font-size: 14pt; background-color: #ff6600;\"><strong>(partie 1)<\/strong><\/span> sur le livre de<\/span><br \/>\n<span style=\"font-size: 18pt; background-color: #ff6600;\">JEAN-CHRISTOPHE RUFIN<\/span><\/p>\n<p><strong><em>*Le Chemin est une alchimie du temps sur l\u2019\u00e2me. C\u2019est<br \/>\nun processus qui ne peut \u00eatre imm\u00e9diat ni m\u00eame rapide.<br \/>\nLe p\u00e8lerin qui encha\u00eene les semaines \u00e0 pied en fait<br \/>\nl\u2019exp\u00e9rience. *<br \/>\n<\/em><\/strong>(Extrait\u00a0: IMMORTELLE RANDONN\u00c9E, Jean-Christophe Rufin,<br \/>\n\u00c9dition de papier, illustr\u00e9e, Gallimard \u00e9diteur, 2013, 240 pages)<\/p>\n<p><strong><img loading=\"lazy\" decoding=\"async\" class=\"size-medium wp-image-18553 alignright\" src=\"http:\/\/biblioclo.com\/wp-content\/uploads\/2022\/12\/immortelle-randonnee-3-300x290.jpg\" alt=\"\" width=\"300\" height=\"290\" srcset=\"https:\/\/biblioclo.com\/wp-content\/uploads\/2022\/12\/immortelle-randonnee-3-300x290.jpg 300w, https:\/\/biblioclo.com\/wp-content\/uploads\/2022\/12\/immortelle-randonnee-3-310x300.jpg 310w, https:\/\/biblioclo.com\/wp-content\/uploads\/2022\/12\/immortelle-randonnee-3.jpg 540w\" sizes=\"auto, (max-width: 300px) 100vw, 300px\" \/>La marche de Compostelle a comme but d\u2019atteindre le tombeau de l\u2019ap\u00f4tre Saint Jacques le Majeur situ\u00e9 dans la crypte de la cath\u00e9drale de Saint-Jacques de Compostelle en Galice (Espagne). Sem\u00e9 de nombreuses d\u00e9monstrations de ferveur, de p\u00e9nitence, d\u2019hospitalit\u00e9, d\u2019art et de culture,<a href=\"https:\/\/fr.wikipedia.org\/wiki\/Chemins_de_Compostelle\"> le chemin de Compostelle<\/a> \u00e9voque de mani\u00e8re \u00e9loquente les racines spirituelles du vieux continent.<\/strong><\/p>\n<p><strong> La photo montre la cath\u00e9drale de Saint-Jacques de Compostelle, aboutissement ultime du p\u00e8lerinage, la plus importante route de p\u00e8lerinage au monde. Cet imposant b\u00e2timent est le foyer de la plus profonde d\u00e9votion catholique.<\/strong><\/p>\n<p><strong><img loading=\"lazy\" decoding=\"async\" class=\"size-medium wp-image-18555 alignleft\" src=\"http:\/\/biblioclo.com\/wp-content\/uploads\/2022\/12\/Immortelle-randonnee-2-300x300.jpg\" alt=\"\" width=\"300\" height=\"300\" srcset=\"https:\/\/biblioclo.com\/wp-content\/uploads\/2022\/12\/Immortelle-randonnee-2-300x300.jpg 300w, https:\/\/biblioclo.com\/wp-content\/uploads\/2022\/12\/Immortelle-randonnee-2-150x150.jpg 150w, https:\/\/biblioclo.com\/wp-content\/uploads\/2022\/12\/Immortelle-randonnee-2.jpg 500w\" sizes=\"auto, (max-width: 300px) 100vw, 300px\" \/>APR\u00c8S LE R\u00c9CIT, L\u2019ALBUM DE L\u2019\u00c9TONNANT VOYAGE D\u2019UN \u00c9CRIVAIN NOMADE, ASSORTI D\u2019ILLUSTRATIONS DE L\u2019AUTEUR ET DE PHOTOS IN\u00c9DITES. Le texte int\u00e9gral accompagn\u00e9 de 130 photos et dessins. Un mois sur le Camino del Norte, de Bayonne \u00e0 Santiago, 40 kilom\u00e8tres de marche par jour : \u00e9tape apr\u00e8s \u00e9tape, Jean-Christophe Rufin, infect\u00e9 par le virus de Saint-Jacques, se transforme en clochard c\u00e9leste, en routard de Compostelle.<\/strong><\/p>\n<p style=\"text-align: center;\"><span style=\"background-color: #ff6600;\"><strong><span style=\"font-size: 18pt; background-color: #ff6600;\">Une forte aura spirituelle<\/span><\/strong><\/span><br \/>\n<strong><em>*Et l\u00e0, dans ces splendeurs, le chemin m\u2019a confi\u00e9 son secret.<br \/>\nIl m\u2019a gliss\u00e9 sa v\u00e9rit\u00e9 qui est tout aussit\u00f4t devenue la mienne.<br \/>\nCompostelle n\u2019est pas un p\u00e8lerinage chr\u00e9tien mais bien plus,<br \/>\nou bien moins selon la mani\u00e8re dont on accueille cette<br \/>\nr\u00e9v\u00e9lation. Il n\u2019appartient en propre \u00e0 aucun culte et, \u00e0 vrai<br \/>\ndire, on peut y mettre tout ce que l\u2019on souhaite. <\/em><\/strong>(Extrait)<\/p>\n<p>Comment d\u00e9finir IMMORTELLE RANDONN\u00c9E ? Un carnet de voyage ? Un journal de bord ? Un t\u00e9moignage ? Une aventure ? Un exercice d\u2019introspection ? Je dirais tout cela \u00e0 la fois en plus d\u2019adh\u00e9rer au sentiment de l\u2019auteur\u00a0: <strong><em>*Le Chemin est une alchimie du temps sur l\u2019\u00e2me* <\/em><\/strong>(Extrait)<\/p>\n<p>Il y a une personne tr\u00e8s proche de moi qui a fait le chemin de Compostelle et qui m\u2019a racont\u00e9 son p\u00e9riple et les effets qu\u2019il a ressenti. Effectivement, le Chemin de Compostelle transforme et Jean-Christophe Rufin insiste sur ce point\u00a0: La marche est beaucoup plus qu\u2019un exercice chr\u00e9tien ou une d\u00e9votion catholique, elle transcende la religion. Elle est avant tout une d\u00e9marche spirituelle\u2026un exercice \u00e9prouvant qui am\u00e8ne le p\u00e8lerin au d\u00e9pouillement\u00a0:<\/p>\n<p><strong><em>*La clochardisation du marcheur se fait tr\u00e8s vite. Si d\u00e9licat et polic\u00e9 que l\u2019on parte, on ne tarde gu\u00e8re, sous l\u2019effet du Chemin, \u00e0 perdre sa pudeur, en m\u00eame temps que sa dignit\u00e9. Sans devenir tout \u00e0 fait une b\u00eate, on est d\u00e9j\u00e0 plus compl\u00e8tement un homme. Ce pourrait \u00eatre la d\u00e9finition du p\u00e8lerin.*\u00a0 <\/em><\/strong>Extrait.<\/p>\n<p>Je pr\u00e9cise ici que j\u2019ai \u00e9t\u00e9 quelque peu surpris du regard critique que jette l\u2019auteur sur le p\u00e8lerinage mais je crois son r\u00e9cit authentique, honn\u00eate et sinc\u00e8re, mis en perspective par les magnifiques photos de Marc Vachon et m\u00eame un certain sens de l\u2019humour. Plusieurs passages m\u2019ont en effet arrach\u00e9 un sourire.<\/p>\n<p>Je n\u2019ai pas senti d\u2019emballement dans le r\u00e9cit de Rufin, pas de sensationnalisme mais plut\u00f4t l\u2019expression d\u2019un cheminement graduel vers l\u2019humilit\u00e9. <strong><em>*En une journ\u00e9e, j\u2019avais tout perdu\u00a0: mes rep\u00e8res g\u00e9ographiques, la stupide dignit\u00e9 que pouvaient me conf\u00e9rer ma position sociale et mes titres. Cette exp\u00e9rience n\u2019\u00e9tait pas la coquetterie d\u2019un week-end mais bien un nouvel \u00e9tat, qui allait durer.* <\/em><\/strong>(Extrait)<\/p>\n<p>M\u00eame si Jean-Christophe Rufin passe des remarques parfois acerbes sur les *effets Compostelle* j\u2019ai senti dans son r\u00e9cit une fiert\u00e9 du d\u00e9pouillement dont il \u00e9tait l\u2019objet ce qui m\u2019a procur\u00e9 un bien \u00eatre stimulant en cours de lecture et l\u2019impression d\u2019\u00eatre quelque part en qu\u00eate de Compostelle aux c\u00f4t\u00e9s de l\u2019auteur ou pas loin. J\u2019ai pu ressentir sa fatigue, sa solitude.<\/p>\n<p>\u00c0 bien des \u00e9gards, Jean-Christophe Rufin a le ton juste. Il n\u2019essaie pas de convaincre. Ce livre n\u2019est pas un exercice de vente. C\u2019est un t\u00e9moignage. <strong><em>*Mon propos n\u2019a pas pour but de convaincre mais seulement de d\u00e9crire ce que fut pour moi ce voyage. Pour le dire d\u2019une formule qui n\u2019est plaisante qu\u2019en apparence\u00a0: en partant pour Saint-Jacques, je ne cherchais rien et je l\u2019ai trouv\u00e9.* <\/em><\/strong>(Extrait)<\/p>\n<p>Suggestion de lecture : <a href=\"https:\/\/biblioclo.com\/index.php\/2021\/04\/02\/lalchimiste\/\">L&rsquo;ALCHIMISTE<\/a>, de Paulo Coelho<\/p>\n<p style=\"text-align: center;\"><img loading=\"lazy\" decoding=\"async\" class=\"alignnone  wp-image-18556\" src=\"http:\/\/biblioclo.com\/wp-content\/uploads\/2022\/12\/Immortelle-randonnee-1-300x252.png\" alt=\"\" width=\"418\" height=\"354\" \/><\/p>\n<p><strong>Le p\u00e8lerinage de Compostelle propose principalement quatre itin\u00e9raires majeurs. Le d\u00e9part le plus au nord est la VOIE DE TOURS, Paris Saint-Jean-Pied-de-Port. 960 kilom\u00e8tres, 39 jours de marche. Ensuite, un peu plus bas sur la carte, il y a un trajet en deux embranchements : LA VOIE DE V\u00c9ZELAY, Saint-Jean-Pied-de-Port 884 kilom\u00e8tres par Bourges, ou 923 kilom\u00e8tres par Nevers. 36 jours de marche.\u00a0<\/strong><\/p>\n<p><strong>Toujours plus bas sur la carte, le troisi\u00e8me trajet est LA VOIE DU PUY-EN-VELAY, Saint-Jean-Pied-de-Port. 750 kilom\u00e8tres, 30 jours de marche. Enfin, le d\u00e9part le plus au sud est la VOIE D\u2019ARLES, Col du Somport, 740 kilom\u00e8tres, 30 jours de marche.\u00a0<\/strong><\/p>\n<p><strong>\u00a0<\/strong><strong>\u00c0 suivre&#8230; pour lire la deuxi\u00e8me partie de ce dossier, <a href=\"https:\/\/biblioclo.com\/index.php\/2023\/01\/15\/immortelle-randonnee-2-compostelle-malgre-moi\/\">cliquez ici<\/a><\/strong><\/p>\n<p><strong>Bonne lecture<br \/>\nClaude Lambert<br \/>\nle 8\u00a0 janvier 2023<\/strong><\/p>\n","protected":false},"excerpt":{"rendered":"<p>Jean-Christophe Rufin raconte son incroyable marche sem\u00e9e de ferveur, de p\u00e9nitence, d&rsquo;art et de culture sur la route de Compostelle: IMMORTELLE RANDONN\u00c9E <a href=\"https:\/\/biblioclo.com\/index.php\/2023\/01\/08\/immortelle-randonnee-1-compostelle-malgre-moi\/\">Continuer la lecture <span class=\"meta-nav\"> \u00bb<\/span><\/a><\/p>\n<div class='heateorSssClear'><\/div><div style=\"float:right\" class='heateor_sss_sharing_container heateor_sss_horizontal_sharing' data-heateor-sss-href='https:\/\/biblioclo.com\/index.php\/2023\/01\/08\/immortelle-randonnee-1-compostelle-malgre-moi\/'><div class='heateor_sss_sharing_title' style=\"font-weight:bold\" ><\/div><div class=\"heateor_sss_sharing_ul\"><a style=\"padding:7.35px 0 !important\" class=\"heateor_sss_facebook_share\"><div class=\"fb-share-button\" data-href=\"https:\/\/biblioclo.com\/index.php\/2023\/01\/08\/immortelle-randonnee-1-compostelle-malgre-moi\/\" data-layout=\"button\"><\/div><\/a><\/div><div class=\"heateorSssClear\"><\/div><\/div><div class='heateorSssClear'><\/div>","protected":false},"author":3,"featured_media":18555,"comment_status":"open","ping_status":"open","sticky":false,"template":"","format":"standard","meta":{"footnotes":""},"categories":[3,4],"tags":[1905,254,1901,1906,1902,1904,1908,906,1909,1903,1644],"class_list":["post-18552","post","type-post","status-publish","format-standard","has-post-thumbnail","hentry","category-citations","category-compterendus","tag-carnet-de-voyage","tag-cheminement","tag-compostelle","tag-depouillement","tag-ferveur","tag-geographie","tag-humilite","tag-introspection","tag-itineraires","tag-penitence","tag-spiritualite"],"_links":{"self":[{"href":"https:\/\/biblioclo.com\/index.php\/wp-json\/wp\/v2\/posts\/18552","targetHints":{"allow":["GET"]}}],"collection":[{"href":"https:\/\/biblioclo.com\/index.php\/wp-json\/wp\/v2\/posts"}],"about":[{"href":"https:\/\/biblioclo.com\/index.php\/wp-json\/wp\/v2\/types\/post"}],"author":[{"embeddable":true,"href":"https:\/\/biblioclo.com\/index.php\/wp-json\/wp\/v2\/users\/3"}],"replies":[{"embeddable":true,"href":"https:\/\/biblioclo.com\/index.php\/wp-json\/wp\/v2\/comments?post=18552"}],"version-history":[{"count":9,"href":"https:\/\/biblioclo.com\/index.php\/wp-json\/wp\/v2\/posts\/18552\/revisions"}],"predecessor-version":[{"id":21579,"href":"https:\/\/biblioclo.com\/index.php\/wp-json\/wp\/v2\/posts\/18552\/revisions\/21579"}],"wp:featuredmedia":[{"embeddable":true,"href":"https:\/\/biblioclo.com\/index.php\/wp-json\/wp\/v2\/media\/18555"}],"wp:attachment":[{"href":"https:\/\/biblioclo.com\/index.php\/wp-json\/wp\/v2\/media?parent=18552"}],"wp:term":[{"taxonomy":"category","embeddable":true,"href":"https:\/\/biblioclo.com\/index.php\/wp-json\/wp\/v2\/categories?post=18552"},{"taxonomy":"post_tag","embeddable":true,"href":"https:\/\/biblioclo.com\/index.php\/wp-json\/wp\/v2\/tags?post=18552"}],"curies":[{"name":"wp","href":"https:\/\/api.w.org\/{rel}","templated":true}]}}