{"id":18746,"date":"2023-02-12T10:27:54","date_gmt":"2023-02-12T10:27:54","guid":{"rendered":"https:\/\/biblioclo.com\/?p=18746"},"modified":"2023-02-12T10:27:56","modified_gmt":"2023-02-12T10:27:56","slug":"la-memoire-du-lac-de-joel-champetier","status":"publish","type":"post","link":"https:\/\/biblioclo.com\/index.php\/2023\/02\/12\/la-memoire-du-lac-de-joel-champetier\/","title":{"rendered":"LA M\u00c9MOIRE DU LAC, de Jo\u00ebl Champetier"},"content":{"rendered":"<p style=\"text-align: right;\"><em><strong>*Pour tuer avec une .22, il fallait viser \u00e0 la t\u00eate ou au c\u0153ur.<\/strong><br><strong>Une balle ne suffirait probablement pas. Mes pens\u00e9es<\/strong><br><strong>\u00e9taient lucides, froides comme de la glace. Pendant que<\/strong><br><strong>je remplissais le chargeur, je planifiais la suite des<\/strong><br><strong>\u00e9v\u00e8nements. *<\/strong><br><\/em>(Extrait&nbsp;: LA M\u00c9MOIRE DU LAC, Jo\u00ebl Champetier, \u00e0 l\u2019origine&nbsp;:<br>Alire \u00e9diteur, 2001, papier, 274 pages. Version audio&nbsp;: Audiible<br>studios \u00e9diteur&nbsp;: 2017, dur\u00e9e d\u2019\u00e9coute&nbsp;: 7 heures 41 minutes,<br>&nbsp;&nbsp;&nbsp;&nbsp;&nbsp;&nbsp;&nbsp;&nbsp; narration&nbsp;: Jonathan Morier)<\/p>\n\n\n<p><img loading=\"lazy\" decoding=\"async\" class=\"wp-image-18748 alignleft\" src=\"http:\/\/biblioclo.com\/wp-content\/uploads\/2023\/01\/la-memoire-du-lac-1-177x300.jpg\" alt=\"\" width=\"200\" height=\"330\" \/>Ville-Marie, petite ville sur les bords du lac T\u00e9miscamingue. Daniel Verrier vient de perdre ses deux enfants en bas \u00e2ge, morts par noyade. Min\u00e9 par le remords &#8211; il est en partie responsable de leur mort &#8211; , d\u00e9laiss\u00e9 par sa femme et aux prises avec de graves probl\u00e8mes psychologiques, dont une amn\u00e9sie partielle, Verrier sombre lentement dans la folie. Mais est-ce bien la folie ou s&rsquo;agit-il d&rsquo;autre chose? Pourquoi le demeur\u00e9 de la ville, \u00c9ric \u00abla Poche\u00bb Massicotte, le poursuit-il sans rel\u00e2che de son message sibyllin: \u00abDaniel, le lac attend?\u00bb Et quel rapport y a-t-il entre ses malheurs et le charnier d\u00e9couvert dans les caves du manoir Bowman? Les r\u00e9ponses sont peut-\u00eatre enfouies dans la m\u00e9moire de Verrier&#8230; ou au plus profond du lac T\u00e9miscamingue!<\/p>\n<p style=\"text-align: center;\"><span style=\"font-size: 18pt; color: #333399;\"><strong><span style=\"font-family: arial, helvetica, sans-serif;\">Un m\u00e9nage d\u2019\u00e9pouvante et de fantastique<\/span><\/strong><\/span> <br \/><strong><em>*un go\u00fbt de bile au fond de la gorge, je me suis<br \/>approch\u00e9 de la camionnette. Elle ne bougeait plus.<br \/>\u00c7a ne me rassurait pas vraiment. Je savais que<br \/>l\u2019eau \u00e9tait profonde \u00e0 cet endroit-l\u00e0. La partie<br \/>arri\u00e8re du v\u00e9hicule ne pouvait \u00eatre appuy\u00e9e que<br \/>sur un \u00e9troit piton rocheux\u2026* <\/em><\/strong>(Extrait)<\/p>\n<p>L\u2019histoire est celle de Daniel Verrier, un homme malmen\u00e9 par la vie, suite au d\u00e9part de sa femme, \u00e0 la mort par noyade de ses deux enfants, emport\u00e9s sous les glaces du<a href=\"https:\/\/fr.wikipedia.org\/wiki\/Lac_T%C3%A9miscamingue\"> lac T\u00e9miscamingue<\/a> et, comme pompier volontaire, victime d\u2019un accident alors qu\u2019une tige de m\u00e9tal lui perce le cr\u00e2ne.<\/p>\n<p>Alcoolique, partiellement amn\u00e9sique et menac\u00e9 par l\u2019\u00e9pilepsie, suivie par une psychiatre, Daniel est hant\u00e9 par un message re\u00e7u de l\u2019idiot du village : *Daniel, le lac attend*. Parall\u00e8lement, des policiers demandent \u00e0 Verrier de collaborer avec eux, \u00e0 titre d\u2019historien, pour enqu\u00eater sur la d\u00e9couverte d\u2019un charnier dans le manoir Bowman o\u00f9 on aurait pratiqu\u00e9 d\u2019\u00e9tranges rites am\u00e9rindiens qui se rapprochent beaucoup de la sorcellerie.<\/p>\n<p>Le r\u00e9cit devient alors un m\u00e9lange de l\u00e9gendes, de fantastique, de sorcellerie et d\u2019intrigue polici\u00e8re et il r\u00e9actualise une vieille l\u00e9gende voulant qu\u2019une cr\u00e9ature d\u00e9moniaque hante les profondeurs du lac T\u00e9miscamingue.<\/p>\n<p>C\u2019est un roman aussi sombre qu\u2019intrigant car il tient l\u2019auditeur dans une zone grise \u00e0 savoir si Daniel Verrier sombre dans la folie ou encore s\u2019il serait r\u00e9ellement victime du lac que ce soit pour des raisons paranormales ou pour des causes explicables. <strong>*<em>Je suis rest\u00e9 longtemps immobile, le corps anesth\u00e9si\u00e9, sauf \u00e0 la t\u00eate, l\u00e0 o\u00f9 le pouls battait douloureusement. J\u2019\u00e9tais incapable d\u2019agir car choisir une action aurait fait \u00e9clater l\u2019illusion que cela ne pouvait \u00eatre qu\u2019un cauchemar. * <\/em><\/strong>(Extrait)<\/p>\n<p>Ce roman m\u2019a tenu en haleine \u00e0 cause d\u2019un personnage-cl\u00e9 qui m\u2019a caus\u00e9 toute une surprise en cours de r\u00e9cit\u00a0: \u00c9ric Massicote, appel\u00e9 la Poche et aussi \u00e0 cause d\u2019un secret de jeunesse que Daniel d\u00e9voilera dans une surprenante confession.<\/p>\n<p>C\u2019est un roman bien construit. On sent que l\u2019auteur a bien travaill\u00e9 la psychologie de ses personnages. Daniel en particulier. L\u2019intrigue devient rapidement addictive et emporte le lecteur\/auditeur dans un m\u00e9lange de genre \u00e9quilibr\u00e9\u00a0: horreur, \u00e9pouvante, violence, menace, intimidation, danger, l\u00e9gendes\u2026 la plume est tr\u00e8s directe et je dois le dire, tr\u00e8s efficace.<\/p>\n<p>Version audio : Je n\u2019ai pas vraiment \u00e9t\u00e9 emball\u00e9 par la narration de Jonathan Morier dont la voix transmet peu d\u2019\u00e9motions. Le registre vocal est toutefois agr\u00e9able et a tout de m\u00eame r\u00e9ussi \u00e0 m\u2019envahir de l\u2019atmosph\u00e8re du r\u00e9cit qui est glauque et lourde. Pour ce qui est de l\u2019histoire comme telle, j\u2019aurais souhait\u00e9 que l\u2019auteur pousse un peu plus loin dans la terreur en particulier dans la finale qui manque de mordant. Mais c\u2019est tr\u00e8s personnel comme impression et peut-\u00eatre secondaire au fond car j\u2019ai r\u00e9alis\u00e9 apr\u00e8s coup que ce moment d\u2019audition a pass\u00e9 tr\u00e8s vite et je l\u2019ai finalement beaucoup appr\u00e9ci\u00e9.<\/p>\n<p>Suggestion de lecture : <a href=\"https:\/\/biblioclo.com\/index.php\/2021\/05\/30\/noire-providence-le-livre-de-james-rollins\/\">NOIRE PROVIDENCE<\/a>, de James Rollins<\/p>\n<p style=\"text-align: center;\"><img loading=\"lazy\" decoding=\"async\" class=\"alignnone  wp-image-18751\" src=\"http:\/\/biblioclo.com\/wp-content\/uploads\/2023\/01\/la-memoire-du-lac-2-300x225.jpg\" alt=\"\" width=\"378\" height=\"287\" \/><\/p>\n<p>N\u00e9 le 30 novembre 1957 \u00e0 Lacorne (Abitibi), Jo\u00ebl Champetier \u00e9crivait depuis 1981. Il a \u00e0 son actif seize livres touchant tant la science-fiction que le fantastique et la fantasy. Son premier roman fantastique, <em>La M\u00e9moire du lac<\/em>, a m\u00e9rit\u00e9 le Grand Prix 1995 de la science-fiction et du fantastique qu\u00e9b\u00e9cois et le prix Aurora du meilleur roman, alors que son second, <em>La Peau blanche<\/em>, a \u00e9t\u00e9 adapt\u00e9 pour le cin\u00e9ma par Daniel Roby.<\/p>\n<p>Outre son travail d&rsquo;\u00e9crivain et de sc\u00e9nariste, Jo\u00ebl Champetier a \u00e9t\u00e9 le r\u00e9dacteur en chef de la revue <em>Solaris<\/em> de 1999 jusqu&rsquo;\u00e0 ce qu\u2019il soit emport\u00e9 par la leuc\u00e9mie en 2015. En son hommage, un prix litt\u00e9raire a vu le jour en 2016, le prix Jo\u00ebl-Champetier, r\u00e9compensant les auteurs de nouvelles, non canadiens, francophones.<\/p>\n<p>Bonne \u00e9coute<br \/>Bonne lecture<br \/>Claude Lambert<br \/>le dimanche 12 f\u00e9vrier 2023<\/p>\n","protected":false},"excerpt":{"rendered":"<p>Voici l&rsquo;histoire de Daniel Verrier, malade, instable et hant\u00e9 par un myst\u00e9rieux message : *Daniel, le lac attend*. LA M\u00c9MOIRE DU LAC, de Jo\u00ebl Champetier. <a href=\"https:\/\/biblioclo.com\/index.php\/2023\/02\/12\/la-memoire-du-lac-de-joel-champetier\/\">Continuer la lecture <span class=\"meta-nav\"> \u00bb<\/span><\/a><\/p>\n<div class='heateorSssClear'><\/div><div style=\"float:right\" class='heateor_sss_sharing_container heateor_sss_horizontal_sharing' data-heateor-sss-href='https:\/\/biblioclo.com\/index.php\/2023\/02\/12\/la-memoire-du-lac-de-joel-champetier\/'><div class='heateor_sss_sharing_title' style=\"font-weight:bold\" ><\/div><div class=\"heateor_sss_sharing_ul\"><a style=\"padding:7.35px 0 !important\" class=\"heateor_sss_facebook_share\"><div class=\"fb-share-button\" data-href=\"https:\/\/biblioclo.com\/index.php\/2023\/02\/12\/la-memoire-du-lac-de-joel-champetier\/\" data-layout=\"button\"><\/div><\/a><\/div><div class=\"heateorSssClear\"><\/div><\/div><div class='heateorSssClear'><\/div>","protected":false},"author":3,"featured_media":18748,"comment_status":"open","ping_status":"open","sticky":false,"template":"","format":"standard","meta":{"footnotes":""},"categories":[4,5],"tags":[1945,513,698,722,901,1944,986,1160,1521,1627],"class_list":["post-18746","post","type-post","status-publish","format-standard","has-post-thumbnail","hentry","category-compterendus","category-critiques","tag-charnier","tag-drame-psychologique","tag-fantastique","tag-folie","tag-intrigue-policiere","tag-lac-temiscamingue","tag-legende","tag-mystere","tag-roman-noir","tag-sorcellerie"],"_links":{"self":[{"href":"https:\/\/biblioclo.com\/index.php\/wp-json\/wp\/v2\/posts\/18746","targetHints":{"allow":["GET"]}}],"collection":[{"href":"https:\/\/biblioclo.com\/index.php\/wp-json\/wp\/v2\/posts"}],"about":[{"href":"https:\/\/biblioclo.com\/index.php\/wp-json\/wp\/v2\/types\/post"}],"author":[{"embeddable":true,"href":"https:\/\/biblioclo.com\/index.php\/wp-json\/wp\/v2\/users\/3"}],"replies":[{"embeddable":true,"href":"https:\/\/biblioclo.com\/index.php\/wp-json\/wp\/v2\/comments?post=18746"}],"version-history":[{"count":10,"href":"https:\/\/biblioclo.com\/index.php\/wp-json\/wp\/v2\/posts\/18746\/revisions"}],"predecessor-version":[{"id":18887,"href":"https:\/\/biblioclo.com\/index.php\/wp-json\/wp\/v2\/posts\/18746\/revisions\/18887"}],"wp:featuredmedia":[{"embeddable":true,"href":"https:\/\/biblioclo.com\/index.php\/wp-json\/wp\/v2\/media\/18748"}],"wp:attachment":[{"href":"https:\/\/biblioclo.com\/index.php\/wp-json\/wp\/v2\/media?parent=18746"}],"wp:term":[{"taxonomy":"category","embeddable":true,"href":"https:\/\/biblioclo.com\/index.php\/wp-json\/wp\/v2\/categories?post=18746"},{"taxonomy":"post_tag","embeddable":true,"href":"https:\/\/biblioclo.com\/index.php\/wp-json\/wp\/v2\/tags?post=18746"}],"curies":[{"name":"wp","href":"https:\/\/api.w.org\/{rel}","templated":true}]}}