{"id":19676,"date":"2023-08-26T09:26:54","date_gmt":"2023-08-26T09:26:54","guid":{"rendered":"https:\/\/biblioclo.com\/?p=19676"},"modified":"2023-08-26T09:26:56","modified_gmt":"2023-08-26T09:26:56","slug":"les-jumeaux-de-piolenc-de-sandrine-destombes","status":"publish","type":"post","link":"https:\/\/biblioclo.com\/index.php\/2023\/08\/26\/les-jumeaux-de-piolenc-de-sandrine-destombes\/","title":{"rendered":"LES JUMEAUX DE PIOLENC, de Sandrine Destombes"},"content":{"rendered":"\n<p><strong><em>*Faits divers\u00a0:<\/em> <em>toujours aucune trace<\/em> <\/strong><em><strong>des jumeaux de Piolenc, ces deux enfants \u00e2g\u00e9s de onze ans et disparus depuis samedi dernier lors de la f\u00eate de l\u2019ail\u2026Notre envoy\u00e9 sp\u00e9cial Mathieu Boteau, a pu recueillir le t\u00e9moignage de Plusieurs voisins qui comptent participer aux recherches. *<\/strong><br \/><\/em>(Extrait :\u00a0 LES JUMEAUX DE PIOLENC, Sandrine Destombes, Hugo thriller \u00e9diteur, 2018. Format num\u00e9rique, 320 pages, 2\u00a0350 kb)<\/p>\n<p><img loading=\"lazy\" decoding=\"async\" class=\"size-medium wp-image-19677 alignleft\" src=\"http:\/\/biblioclo.com\/wp-content\/uploads\/2023\/07\/les-jumeaux-de-piolenc-1-200x300.jpg\" alt=\"\" width=\"200\" height=\"300\" srcset=\"https:\/\/biblioclo.com\/wp-content\/uploads\/2023\/07\/les-jumeaux-de-piolenc-1-200x300.jpg 200w, https:\/\/biblioclo.com\/wp-content\/uploads\/2023\/07\/les-jumeaux-de-piolenc-1.jpg 360w\" sizes=\"auto, (max-width: 200px) 100vw, 200px\" \/>Ao\u00fbt 1989. Sol\u00e8ne et Rapha\u00ebl, des jumeaux de onze ans originaires du village de Piolenc, dans le Vaucluse, disparaissent lors de la f\u00eate de l&rsquo;ail. Trois mois plus tard, seul l&rsquo;un d&rsquo;eux est retrouv\u00e9. Mort. <br \/>Juin 2018. De nouveaux enfants sont port\u00e9s disparus \u00e0 Piolenc. L&rsquo;histoire recommence, comme en macabre \u00e9cho aux \u00e9v\u00e9nements survenus presque trente ans plus t\u00f4t, et la psychose s&rsquo;installe. <br \/>Le seul espoir de les retrouver vivants, c&rsquo;est de comprendre enfin\u00a0 ce qui est arriv\u00e9 \u00e0 Sol\u00e8ne et Rapha\u00ebl. Au risque de r\u00e9veiller de terribles souvenirs.<\/p>\n<p>\u00a0<\/p>\n<p style=\"text-align: center;\"><span style=\"font-size: 24pt;\">Cette <strong>noirceur<\/strong> qui nous fige<\/span><br \/><strong><em>*Monsieur Mougin, la vie de deux enfants<br \/>est en jeu ! Tout ce que je vous demande,<br \/>c\u2019est de me parler des jumeaux.\u00a0 \u2013 Je n\u2019aime<br \/>pas dire du mal des morts. * <\/em><\/strong>(Extrait)<\/p>\n<p style=\"text-align: center;\"><img loading=\"lazy\" decoding=\"async\" class=\"alignnone  wp-image-19476\" src=\"http:\/\/biblioclo.com\/wp-content\/uploads\/2023\/05\/audio-4-300x300.jpg\" alt=\"\" width=\"134\" height=\"134\" srcset=\"https:\/\/biblioclo.com\/wp-content\/uploads\/2023\/05\/audio-4-300x300.jpg 300w, https:\/\/biblioclo.com\/wp-content\/uploads\/2023\/05\/audio-4-150x150.jpg 150w, https:\/\/biblioclo.com\/wp-content\/uploads\/2023\/05\/audio-4-768x768.jpg 768w, https:\/\/biblioclo.com\/wp-content\/uploads\/2023\/05\/audio-4.jpg 800w\" sizes=\"auto, (max-width: 134px) 100vw, 134px\" \/><\/p>\n<p>Il se pourrait bien que ce soit le thriller le plus tordu que j\u2019ai lu jusqu\u2019\u00e0 maintenant. J\u2019ai trouv\u00e9 ce roman tr\u00e8s noir. Les victimes et les accus\u00e9s se confondent et nonobstant les policiers, aucun personnage n\u2019est ce qu\u2019il parait \u00eatre. R\u00e9sultat : un \u00e9norme d\u00e9fi pour l\u2019intelligence des lecteurs-lectrices. Ce r\u00e9cit est un sac de n\u0153uds :<\/p>\n<p><strong><em>*Tout nouvel \u00e9l\u00e9ment dans une enqu\u00eate \u00e9tait toujours le bienvenu. Sauf que dans ce cas pr\u00e9cis, il ne faisait qu\u2019\u00e9paissir le myst\u00e8re. Le capitaine ne cessait de r\u00e9colter des informations sans r\u00e9ussir \u00e0 leur donner un sens. * <\/em><\/strong>Cet extrait r\u00e9sume bien l\u2019\u00e9tat d\u2019esprit dans lequel je me suis retrouv\u00e9 comme lecteur. Il ne s\u2019agit pas ici de la complexit\u00e9 de l\u2019enqu\u00eate, de revirements ou de fausses pistes. Tout \u00e7a est courant dans la litt\u00e9rature polici\u00e8re.<\/p>\n<p>Le probl\u00e8me est que le fil conducteur est presqu\u2019inexistant\u2026 trop de personnages, des situations invraisemblables. De plus, l\u2019auteur ne joue pas forc\u00e9ment avec les mots mais il joue avec les pr\u00e9noms qu\u2019il lie entre eux en leur donnant certains sens.\u00a0 Qui est qui ? J\u2019ai trouv\u00e9 tr\u00e8s difficile de me positionner dans ce r\u00e9cit un peu erratique malgr\u00e9 l\u2019excellence de son id\u00e9e de base.<\/p>\n<p>Cette id\u00e9e, il faut la capter et la comprendre d\u00e8s le d\u00e9but : ao\u00fbt 1989, les villageois de <a href=\"https:\/\/fr.wikipedia.org\/wiki\/Piolenc\">Piolenc<\/a> sont secou\u00e9s par la disparition de deux jumeaux de 11 ans : Sol\u00e8ne et Rapha\u00ebl. Un des deux est retrouv\u00e9 mort, on n\u2019a jamais retrouv\u00e9 l\u2019autre. Pr\u00e8s de trente ans plus tard, deux autres enfants disparaissent. Le lien semble \u00e9vident et il pourrait bien faire sauter au visage du lecteur et de la lectrice toute la noirceur de l\u2019\u00eatre humain. Ici, la surprise fait place au pur d\u00e9lire.<\/p>\n<p>Je ne peux rien d\u00e9voiler mais peut-\u00eatre cet extrait vous mettra sur la piste \u2026 <em>*<strong>Des enfants de onze ans, aux visages d\u2019ange. Cette dualit\u00e9 d\u00e9passait l\u2019entendement de l\u2019homme de raison qu\u2019il \u00e9tait\u2026* <\/strong><\/em>(Extrait) Attendez-vous \u00e0 des passages choquants, ce r\u00e9cit touchant une corde tr\u00e8s sensible\u00a0: les enfants.<\/p>\n<p>Le livre n\u2019est pas sans forces. En effet, malgr\u00e9 la fragilit\u00e9 du fil conducteur, le lecteur peut s\u2019accrocher au capitaine Fabregas obs\u00e9d\u00e9 par cette enqu\u00eate, noy\u00e9 dans des d\u00e9couvertes improbables, impuissant devant une masse aussi complexe d\u2019indices dont plusieurs ne m\u00e8nent nulle part, et en bout de ligne, \u00e9c\u0153ur\u00e9 par les innommables bassesses dans lesquelles des \u00eatres humains peuvent sombrer.<\/p>\n<p>Ce portrait rend l\u2019homme tr\u00e8s proche du lecteur et de la lectrice qui peut donc compter sur la seule v\u00e9ritable r\u00e9f\u00e9rence de ce r\u00e9cit. Pour r\u00e9sumer\u00a0: J\u2019ai trouv\u00e9 le r\u00e9cit intrigant, haletant jusqu\u2019\u00e0 un certain point, \u00e9nigmatique \u00e0 outrance. L\u2019id\u00e9e du r\u00e9cit est excellente mais surd\u00e9velopp\u00e9e. Vous pourriez vous sentir oblig\u00e9 de relire certains passages, revenir en arri\u00e8re, d\u00e9m\u00ealer les personnages et vous assurer de *qui est qui*.<\/p>\n<p>Donc le d\u00e9fi est de d\u00e9m\u00ealer l\u2019\u00e9cheveau de l\u2019intrigue. Une fois que j\u2019ai accompli cette mission complexe, je me suis rendu compte que le roman est aussi noir que fort. Pour faire simple, il s\u2019agit de se rendre au bout.<\/p>\n<p>Suggestion de lecture : <a href=\"https:\/\/biblioclo.com\/index.php\/2020\/11\/27\/le-mystere-mengele\/\">LE MYST\u00c8RE MENGELE<\/a>, de Jorge Camasara<\/p>\n<p style=\"text-align: left;\"><img loading=\"lazy\" decoding=\"async\" class=\"wp-image-19678 aligncenter\" src=\"http:\/\/biblioclo.com\/wp-content\/uploads\/2023\/07\/les-jummeaux-de-piolenc-2-300x169.jpg\" alt=\"\" width=\"414\" height=\"240\" \/>N\u00e9e en 1971, Sandrine Destombes a toujours v\u00e9cu \u00e0 Paris. Elle travaille dans la production d&rsquo;\u00e9v\u00e9nements depuis plus de vingt ans et profite de son temps libre pour \u00e9crire des polars, son domaine de pr\u00e9dilection. Bien que fran\u00e7aise, Sandrine Destombes est attach\u00e9e \u00e0 ses origines italiennes, elle instille dans ses \u00e9crits son amour des Abruzzes, une belle r\u00e9gion situ\u00e9e \u00e0 l\u2019est de Rome.<\/p>\n<p>Bonne lecture<br \/>Claude Lambert<br \/>Le samedi 26 ao\u00fbt 2023<\/p>\n<p>\u00a0<\/p>\n","protected":false},"excerpt":{"rendered":"<p>Deux jumeaux de onze disparaissent lors d\u2019une f\u00eate. 30 ans plus tard, d\u2019autres enfants sont port\u00e9s disparus. La psychose s&rsquo;installe. LES JUMEAUX DE PIOLENC <a href=\"https:\/\/biblioclo.com\/index.php\/2023\/08\/26\/les-jumeaux-de-piolenc-de-sandrine-destombes\/\">Continuer la lecture <span class=\"meta-nav\"> \u00bb<\/span><\/a><\/p>\n<div class='heateorSssClear'><\/div><div style=\"float:right\" class='heateor_sss_sharing_container heateor_sss_horizontal_sharing' data-heateor-sss-href='https:\/\/biblioclo.com\/index.php\/2023\/08\/26\/les-jumeaux-de-piolenc-de-sandrine-destombes\/'><div class='heateor_sss_sharing_title' style=\"font-weight:bold\" ><\/div><div class=\"heateor_sss_sharing_ul\"><a style=\"padding:7.35px 0 !important\" class=\"heateor_sss_facebook_share\"><div class=\"fb-share-button\" data-href=\"https:\/\/biblioclo.com\/index.php\/2023\/08\/26\/les-jumeaux-de-piolenc-de-sandrine-destombes\/\" data-layout=\"button\"><\/div><\/a><\/div><div class=\"heateorSssClear\"><\/div><\/div><div class='heateorSssClear'><\/div>","protected":false},"author":3,"featured_media":19677,"comment_status":"open","ping_status":"open","sticky":false,"template":"","format":"standard","meta":{"footnotes":""},"categories":[4,5],"tags":[488,575,583,900,2119,1160,1249,1316,1410,1616],"class_list":["post-19676","post","type-post","status-publish","format-standard","has-post-thumbnail","hentry","category-compterendus","category-critiques","tag-disparition","tag-enigme","tag-enquete","tag-intrigue","tag-jumeaux","tag-mystere","tag-panique","tag-peur","tag-psychose","tag-societe"],"_links":{"self":[{"href":"https:\/\/biblioclo.com\/index.php\/wp-json\/wp\/v2\/posts\/19676","targetHints":{"allow":["GET"]}}],"collection":[{"href":"https:\/\/biblioclo.com\/index.php\/wp-json\/wp\/v2\/posts"}],"about":[{"href":"https:\/\/biblioclo.com\/index.php\/wp-json\/wp\/v2\/types\/post"}],"author":[{"embeddable":true,"href":"https:\/\/biblioclo.com\/index.php\/wp-json\/wp\/v2\/users\/3"}],"replies":[{"embeddable":true,"href":"https:\/\/biblioclo.com\/index.php\/wp-json\/wp\/v2\/comments?post=19676"}],"version-history":[{"count":3,"href":"https:\/\/biblioclo.com\/index.php\/wp-json\/wp\/v2\/posts\/19676\/revisions"}],"predecessor-version":[{"id":19681,"href":"https:\/\/biblioclo.com\/index.php\/wp-json\/wp\/v2\/posts\/19676\/revisions\/19681"}],"wp:featuredmedia":[{"embeddable":true,"href":"https:\/\/biblioclo.com\/index.php\/wp-json\/wp\/v2\/media\/19677"}],"wp:attachment":[{"href":"https:\/\/biblioclo.com\/index.php\/wp-json\/wp\/v2\/media?parent=19676"}],"wp:term":[{"taxonomy":"category","embeddable":true,"href":"https:\/\/biblioclo.com\/index.php\/wp-json\/wp\/v2\/categories?post=19676"},{"taxonomy":"post_tag","embeddable":true,"href":"https:\/\/biblioclo.com\/index.php\/wp-json\/wp\/v2\/tags?post=19676"}],"curies":[{"name":"wp","href":"https:\/\/api.w.org\/{rel}","templated":true}]}}