{"id":20813,"date":"2024-09-14T08:55:10","date_gmt":"2024-09-14T08:55:10","guid":{"rendered":"https:\/\/biblioclo.com\/?p=20813"},"modified":"2024-09-14T08:55:11","modified_gmt":"2024-09-14T08:55:11","slug":"leo-major-un-heros-resilient","status":"publish","type":"post","link":"https:\/\/biblioclo.com\/index.php\/2024\/09\/14\/leo-major-un-heros-resilient\/","title":{"rendered":"L\u00c9O MAJOR, un h\u00e9ros r\u00e9silient"},"content":{"rendered":"\n<p><strong>Biographie \u00e9crite par LUC L\u00c9PINE<\/strong><\/p>\n\n\n\n<p><strong><em>*L\u2019ouvrage que vous tenez entre les mains saura vous donner le go\u00fbt d\u2019en savoir davantage sur l\u2019h\u00e9ro\u00efsme guerrier et sa perception sociale. Cela dit, si la r\u00e9silience pouvait avoir un visage, Luc L\u00e9pine\u2026 a certainement su en peindre les traits sous ceux du sergent L\u00e9o Major. * <\/em><\/strong>(propos de Richard V. Blanchette, major g\u00e9n\u00e9ral retrait\u00e9, extrait de la deuxi\u00e8me pr\u00e9face, L\u00c9O MAJOR, UN H\u00c9ROS R\u00c9SILIENT, Luc L\u00e9pine, audio, Audible \u00e9diteur, dur\u00e9e d\u2019\u00e9coute&nbsp;: 3 heures 14 minutes, narrateur&nbsp;: Alexis Martin)<\/p>\n\n\n\n<p style=\"text-align: center;\"><img loading=\"lazy\" decoding=\"async\" class=\"alignnone  wp-image-20816\" src=\"http:\/\/biblioclo.com\/wp-content\/uploads\/2024\/08\/leo-major-1-300x300.jpg\" alt=\"\" width=\"362\" height=\"362\" srcset=\"https:\/\/biblioclo.com\/wp-content\/uploads\/2024\/08\/leo-major-1-300x300.jpg 300w, https:\/\/biblioclo.com\/wp-content\/uploads\/2024\/08\/leo-major-1-150x150.jpg 150w, https:\/\/biblioclo.com\/wp-content\/uploads\/2024\/08\/leo-major-1.jpg 500w\" sizes=\"auto, (max-width: 362px) 100vw, 362px\" \/><\/p>\n<p style=\"text-align: center;\"><span style=\"font-size: 18pt; color: #ff0000;\"><strong>La r\u00e9alit\u00e9 de la guerre<\/strong><\/span><\/p>\n<p style=\"text-align: center;\"><img loading=\"lazy\" decoding=\"async\" class=\"alignnone  wp-image-20665\" src=\"http:\/\/biblioclo.com\/wp-content\/uploads\/2024\/06\/audio-7-1-300x300.png\" alt=\"\" width=\"80\" height=\"80\" srcset=\"https:\/\/biblioclo.com\/wp-content\/uploads\/2024\/06\/audio-7-1-300x300.png 300w, https:\/\/biblioclo.com\/wp-content\/uploads\/2024\/06\/audio-7-1-150x150.png 150w, https:\/\/biblioclo.com\/wp-content\/uploads\/2024\/06\/audio-7-1.png 512w\" sizes=\"auto, (max-width: 80px) 100vw, 80px\" \/><\/p>\n<p>C\u2019est un r\u00e9cit biographique qui raconte l\u2019histoire d\u2019un homme qui \u00e9tait pour moi, jusqu\u2019\u00e0 aujourd\u2019hui, une parcelle du soldat inconnu. Je ne connaissais pas les faits d\u2019arme de L\u00e9o Major, et pourtant, il a particip\u00e9 \u00e0 faire pencher la guerre du c\u00f4t\u00e9 des alli\u00e9s. Il est \u00e9vident pour moi que L\u00e9o Major a \u00e9t\u00e9 boud\u00e9 et oubli\u00e9 par la toponymie et l\u2019histoire malgr\u00e9 son incroyable bravoure et ses actions d\u2019\u00e9clat comme le fait d\u2019avoir lib\u00e9r\u00e9 \u00e0 lui seul la ville de ZWOLLE en Hollande, 50,000 habitants, fortement occup\u00e9e par les allemands.<\/p>\n<p>Il a sauv\u00e9 la ville en appliquant une ruse g\u00e9niale que je vous laisse d\u00e9couvrir. L\u00e9o Major a servi dans le r\u00e9giment de la CHAUDI\u00c8RE et le Royal 22<sup>e<\/sup> r\u00e9giment des Forces Canadiennes. C\u2019\u00e9tait un t\u00e9m\u00e9raire et son surnom de *rambo qu\u00e9b\u00e9cois* laisse \u00e0 penser que c\u2019\u00e9tait aussi une machine de guerre.<\/p>\n<p>J\u2019ai appris des choses \u00e9tonnantes dans ce r\u00e9cit. Surprenant par exemple qu\u2019un corps aussi bris\u00e9 par la guerre ait pu survivre. \u00c9tonnant de constater qu\u2019un homme qui poss\u00e8de une telle \u00e9toffe du h\u00e9ros ait eu si peu de reconnaissance. Mais en fait de d\u00e9mobilisation, je dirais qu\u2019on lui a plut\u00f4t montr\u00e9 la porte. Il y a toutefois des raisons \u00e0 cela.<\/p>\n<p>L\u00e9o Major \u00e9tait un caract\u00e9riel, peu respectueux des r\u00e8gles et parfois des ordres. Il critiquait aussi all\u00e8grement les officiers, ce qui parait tr\u00e8s mal dans un dossier militaire. Impulsif, ombrageux, brouillon sur le plan personnel, Major a b\u00e2ti sa valeur sur le front et il est pourtant rest\u00e9 incroyablement discret sur ses prouesses guerri\u00e8res.<\/p>\n<p style=\"text-align: center;\"><img loading=\"lazy\" decoding=\"async\" class=\"alignnone  wp-image-20817\" src=\"http:\/\/biblioclo.com\/wp-content\/uploads\/2024\/08\/leo-major-2-260x300.jpg\" alt=\"\" width=\"296\" height=\"340\" srcset=\"https:\/\/biblioclo.com\/wp-content\/uploads\/2024\/08\/leo-major-2-260x300.jpg 260w, https:\/\/biblioclo.com\/wp-content\/uploads\/2024\/08\/leo-major-2.jpg 538w\" sizes=\"auto, (max-width: 296px) 100vw, 296px\" \/><\/p>\n<p>Le livre audio L\u00c9O MAJOR UN H\u00c9ROS R\u00c9SILIENT est une \u0153uvre en parfait \u00e9quilibre d\u00e9velopp\u00e9e et pr\u00e9sent\u00e9e simplement, l\u2019auteur, Luc L\u00e9pine a \u00e9vit\u00e9 le pi\u00e8ge du sensationnalisme, ce qui n\u2019emp\u00eache pas le narrateur, Alexis Martin, de se sentir au c\u0153ur des \u00e9v\u00e8nements et d\u2019utiliser parfois un ton d\u2019urgence. Il m\u2019a entra\u00een\u00e9 doucement mais fermement.<\/p>\n<p>Il a capt\u00e9 mon attention, et il l\u2019a gard\u00e9e jusqu\u2019\u00e0 la fin. Avec sa plume captivante, L\u00e9pine a tout pr\u00e9vu\u00a0: il a pass\u00e9 en revue le contexte social, le contexte familial, le contexte militaire, les exploit et l\u2019apr\u00e8s-guerre qui ne fut pas sans \u00e9preuve. C\u2019est un travail bien document\u00e9.<\/p>\n<p>Luc L\u00e9pine m\u2019a fait conna\u00eetre un homme \u00e9pique et j\u2019esp\u00e8re sinc\u00e8rement qu\u2019avec la diffusion de son \u0153uvre, L\u00e9o Major deviendra une v\u00e9ritable inspiration pour les g\u00e9n\u00e9rations futures et que le h\u00e9ros sera c\u00e9l\u00e9br\u00e9 chez nous comme les hollandais de ZWOLLE le c\u00e9l\u00e8brent ponctuellement depuis que L\u00e9o est entr\u00e9 dans leurs vies en les lib\u00e9rant du joug allemand. Cet \u0153uvre m\u2019a surpris. Je suis heureux de la classer parmi mes meilleures auditions jusqu\u2019\u00e0 maintenant.<\/p>\n<p>Suggestion de lecture : DEREK AUCOIN LA T\u00caTE HAUTE, de Beno\u00eet Rioux. R\u00e9sit biographique.<\/p>\n<p><strong><img loading=\"lazy\" decoding=\"async\" class=\"size-medium wp-image-20819 alignright\" src=\"http:\/\/biblioclo.com\/wp-content\/uploads\/2024\/08\/leo-major-3-200x300.jpg\" alt=\"\" width=\"200\" height=\"300\" srcset=\"https:\/\/biblioclo.com\/wp-content\/uploads\/2024\/08\/leo-major-3-200x300.jpg 200w, https:\/\/biblioclo.com\/wp-content\/uploads\/2024\/08\/leo-major-3-683x1024.jpg 683w, https:\/\/biblioclo.com\/wp-content\/uploads\/2024\/08\/leo-major-3.jpg 700w\" sizes=\"auto, (max-width: 200px) 100vw, 200px\" \/>Luc L\u00e9pine est un historien militaire qu\u00e9b\u00e9cois. Il a \u00e9tudi\u00e9 au Royal Military College \u00e0 Kingston. En 2005, il a obtenu un doctorat de l\u2019Universit\u00e9 du Qu\u00e9bec \u00e0 Montr\u00e9al (UQAM) portant sur l\u2019histoire du district de milice de Montr\u00e9al de 1787 \u00e0 1829. Il a travaill\u00e9 au minist\u00e8re de l\u2019\u00c9ducation. Comme charg\u00e9 de cours, il enseigne pour les Forces arm\u00e9es canadiennes. En plus de sa biographie de L\u00e9o Major, Luc L\u00e9pine a <\/strong><a href=\"https:\/\/www.pulaval.com\/produit\/le-quebec-et-la-guerre-de-1812\"><strong>\u00e9crit LE QU\u00c9BEC ET LA GUERRE DE 1812<\/strong><\/a><strong>.<\/strong><\/p>\n<p><span style=\"font-size: 12pt;\">BONNE \u00c9COUTE<br \/><\/span>Claude Lambert<br \/>le samedi 14 septembre 2024<br \/><br \/><\/p>\n","protected":false},"excerpt":{"rendered":"<p>biographie d&rsquo;un militaire oubli\u00e9 par l&rsquo;histoire et qui a pourtant contribu\u00e9 \u00e0 faire pencher la guerre du c\u00f4t\u00e9 des alli\u00e9s. Je commente L\u00c9O MAJOR UN H\u00c9ROS R\u00c9SILIENT De Luc L\u00e9pine. <a href=\"https:\/\/biblioclo.com\/index.php\/2024\/09\/14\/leo-major-un-heros-resilient\/\">Continuer la lecture <span class=\"meta-nav\"> \u00bb<\/span><\/a><\/p>\n<div class='heateorSssClear'><\/div><div style=\"float:right\" class='heateor_sss_sharing_container heateor_sss_horizontal_sharing' data-heateor-sss-href='https:\/\/biblioclo.com\/index.php\/2024\/09\/14\/leo-major-un-heros-resilient\/'><div class='heateor_sss_sharing_title' style=\"font-weight:bold\" ><\/div><div class=\"heateor_sss_sharing_ul\"><a style=\"padding:7.35px 0 !important\" class=\"heateor_sss_facebook_share\"><div class=\"fb-share-button\" data-href=\"https:\/\/biblioclo.com\/index.php\/2024\/09\/14\/leo-major-un-heros-resilient\/\" data-layout=\"button\"><\/div><\/a><\/div><div class=\"heateorSssClear\"><\/div><\/div><div class='heateorSssClear'><\/div>","protected":false},"author":3,"featured_media":20816,"comment_status":"open","ping_status":"open","sticky":false,"template":"","format":"standard","meta":{"footnotes":""},"categories":[4,5],"tags":[2474,187,2473,691,779,2472,1444,1493,1616,1712],"class_list":["post-20813","post","type-post","status-publish","format-standard","has-post-thumbnail","hentry","category-compterendus","category-critiques","tag-apres-guerre","tag-biographie","tag-bravoure","tag-famille","tag-guerre","tag-heros-de-guerre","tag-recit","tag-resilience","tag-societe","tag-temerite"],"_links":{"self":[{"href":"https:\/\/biblioclo.com\/index.php\/wp-json\/wp\/v2\/posts\/20813","targetHints":{"allow":["GET"]}}],"collection":[{"href":"https:\/\/biblioclo.com\/index.php\/wp-json\/wp\/v2\/posts"}],"about":[{"href":"https:\/\/biblioclo.com\/index.php\/wp-json\/wp\/v2\/types\/post"}],"author":[{"embeddable":true,"href":"https:\/\/biblioclo.com\/index.php\/wp-json\/wp\/v2\/users\/3"}],"replies":[{"embeddable":true,"href":"https:\/\/biblioclo.com\/index.php\/wp-json\/wp\/v2\/comments?post=20813"}],"version-history":[{"count":9,"href":"https:\/\/biblioclo.com\/index.php\/wp-json\/wp\/v2\/posts\/20813\/revisions"}],"predecessor-version":[{"id":20833,"href":"https:\/\/biblioclo.com\/index.php\/wp-json\/wp\/v2\/posts\/20813\/revisions\/20833"}],"wp:featuredmedia":[{"embeddable":true,"href":"https:\/\/biblioclo.com\/index.php\/wp-json\/wp\/v2\/media\/20816"}],"wp:attachment":[{"href":"https:\/\/biblioclo.com\/index.php\/wp-json\/wp\/v2\/media?parent=20813"}],"wp:term":[{"taxonomy":"category","embeddable":true,"href":"https:\/\/biblioclo.com\/index.php\/wp-json\/wp\/v2\/categories?post=20813"},{"taxonomy":"post_tag","embeddable":true,"href":"https:\/\/biblioclo.com\/index.php\/wp-json\/wp\/v2\/tags?post=20813"}],"curies":[{"name":"wp","href":"https:\/\/api.w.org\/{rel}","templated":true}]}}