{"id":21052,"date":"2024-11-03T09:23:09","date_gmt":"2024-11-03T09:23:09","guid":{"rendered":"https:\/\/biblioclo.com\/?p=21052"},"modified":"2024-11-03T09:23:11","modified_gmt":"2024-11-03T09:23:11","slug":"delivrance","status":"publish","type":"post","link":"https:\/\/biblioclo.com\/index.php\/2024\/11\/03\/delivrance\/","title":{"rendered":"D\u00c9LIVRANCE"},"content":{"rendered":"\n<p style=\"text-align: center;\"><span style=\"color: #008080;\"><strong><span style=\"font-size: 14pt;\">Commentaire sur le livre de<\/span><\/strong><\/span><br \/><span style=\"color: #008080;\"><strong><span style=\"font-size: 14pt;\">JUSSI ADLER-OLSON<\/span><\/strong><\/span><\/p>\n<p>\u00a0<\/p>\n<p style=\"text-align: right;\"><strong>*Personne ne prit le temps de lire la s\u00e9rie de lettres \u00e0 <\/strong><br \/><strong>demi-effac\u00e9es en t\u00eate du message, et personne ne <\/strong><br \/><strong>se demanda pourquoi quelqu\u2019un avait \u00e9crit un jour : <\/strong><br \/><strong>AU SECOURS. *<\/strong> <br \/>(Extrait\u00a0: D\u00c9LIVRANCE de Jussi Adler-Olson. Origine\u00a0:<br \/>Albin Michel litt\u00e9rature \u00e9diteur, 2013. 672 pages,<br \/>\u00e9dition de papier, aussi disponible en format num\u00e9-<br \/>risque, 807 KB)<\/p>\n<p><img loading=\"lazy\" decoding=\"async\" class=\"size-medium wp-image-21053 alignright\" src=\"http:\/\/biblioclo.com\/wp-content\/uploads\/2024\/10\/delivrance-1-222x300.jpg\" alt=\"\" width=\"222\" height=\"300\" srcset=\"https:\/\/biblioclo.com\/wp-content\/uploads\/2024\/10\/delivrance-1-222x300.jpg 222w, https:\/\/biblioclo.com\/wp-content\/uploads\/2024\/10\/delivrance-1.jpg 557w\" sizes=\"auto, (max-width: 222px) 100vw, 222px\" \/>Au fin fond de l&rsquo;Ecosse, une bouteille ancienne en verre poli est longtemps rest\u00e9e sur le rebord d&rsquo;une fen\u00eatre. Personne ne l&rsquo;avait remarqu\u00e9e, pas plus que le message qu&rsquo;elle contenait. Un message qui commence par le mot <em>Hjlp<\/em>, \u00ab au secours \u00bb, en danois, \u00e9crits en lettres de sang&#8230; Envoy\u00e9e par la police anglaise \u00e0 Copenhague, la myst\u00e9rieuse missive r\u00e9v\u00e8le qu&rsquo;elle provient de deux gar\u00e7ons qui auraient \u00e9t\u00e9 kidnapp\u00e9s dix ans plus t\u00f4t. Chose \u00e9trange : leur disparition n&rsquo;a jamais \u00e9t\u00e9 signal\u00e9e&#8230; La chasse haletante lanc\u00e9e par les inspecteurs M\u00f8rck et Assad derri\u00e8re un tueur que rien ne semble pouvoir arr\u00eater ne les dispense pas de jeter au passage un regard acerbe et troublant sur la soci\u00e9t\u00e9 danoise.<\/p>\n<p style=\"text-align: center;\"><span style=\"color: #008080;\"><strong><span style=\"font-size: 18pt;\">Les mots de la mer<\/span><\/strong><\/span><br \/><strong><em>*Que ferons-nous s&rsquo;il d\u00e9cide de d\u00e9couper mes enfants <br \/>en morceaux ? *<\/em><\/strong> (Extrait)<\/p>\n<p style=\"text-align: center;\"><img loading=\"lazy\" decoding=\"async\" class=\"alignnone  wp-image-20986\" src=\"http:\/\/biblioclo.com\/wp-content\/uploads\/2024\/09\/audio-3-300x213.jpg\" alt=\"\" width=\"126\" height=\"91\" \/> <img loading=\"lazy\" decoding=\"async\" class=\"alignnone  wp-image-21026\" src=\"http:\/\/biblioclo.com\/wp-content\/uploads\/2024\/10\/audio-n-300x300.png\" alt=\"\" width=\"93\" height=\"93\" srcset=\"https:\/\/biblioclo.com\/wp-content\/uploads\/2024\/10\/audio-n-300x300.png 300w, https:\/\/biblioclo.com\/wp-content\/uploads\/2024\/10\/audio-n-150x150.png 150w, https:\/\/biblioclo.com\/wp-content\/uploads\/2024\/10\/audio-n.png 640w\" sizes=\"auto, (max-width: 93px) 100vw, 93px\" \/><\/p>\n<p>C\u2019est avec un plaisir renouvel\u00e9 que je plonge dans la litt\u00e9rature scandinave, plus pr\u00e9cis\u00e9ment danoise cette fois. C\u2019est un thriller prenant qui provoque autant de frissons qu\u2019il suscite de curiosit\u00e9 car enfin, l\u2019intrigue d\u00e9marre dans une bouteille jet\u00e9e \u00e0 la mer, puis rep\u00each\u00e9e et qui s\u2019est retrouv\u00e9e momentan\u00e9ment, et m\u00eame quelques ann\u00e9es aux oubliettes dans un commissariat de police jusqu\u2019\u00e0 ce que le d\u00e9partement V de la police de Copenhague se penche sur l\u2019\u00e9nigmatique SOS qui se trouve dans cette bouteille et qui suscite rapidement beaucoup de questionnements.<\/p>\n<p>Ce sera un d\u00e9fi de taille pour les policiers Carl et Assad. Le temps presse pour les limiers car le myst\u00e9rieux message, d\u00e9natur\u00e9 par le temps et l\u2019humidit\u00e9, laisse supposer, apr\u00e8s une \u00e9tude s\u00e9rieuse et un examen approfondi que des enfants pourraient \u00eatre en danger de mort. C\u2019est \u00e7a, o\u00f9 ils sont d\u00e9j\u00e0 morts. L\u2019enqu\u00eate qui devient particuli\u00e8rement pouss\u00e9e lance les policiers sur les traces d\u2019un tueur en s\u00e9rie particuli\u00e8rement singulier par son modus operandi, sa cruaut\u00e9, et sa fa\u00e7on de se jouer des policiers.<\/p>\n<p>Je cherchais quelque chose qui dressait les cheveux sur la t\u00eate, de l\u2019angoisse, de l\u2019intrigue et pour couronner le tout, de l\u2019originalit\u00e9. Je n\u2019ai pas \u00e9t\u00e9 d\u00e9\u00e7u surtout si je tiens compte de la fa\u00e7on d\u2019op\u00e9rer du tueur\u00a0:<\/p>\n<p><strong><em>*Le kidnappeur choisit deux des enfants qui, pour une raison ou une autre, ont un statut particulier dans la fratrie. Il les enl\u00e8ve tous les deux, et une fois qu\u2019il a touch\u00e9 la ran\u00e7on, il en lib\u00e8re un. La famille sait d\u00e9sormais qu\u2019il est pr\u00eat \u00e0 tout. Le meurtrier devient donc cr\u00e9dible quand il les menace d\u2019enlever un autre de leurs enfants, \u00e0 n\u2019importe quel moment, sans pr\u00e9avis\u2026* <\/em><\/strong>(Extrait)<\/p>\n<p>Je m\u2019abstiendrai ici de donner des exemples de ce dont ce tordu est capable mais \u00e7a m\u2019ouvre une porte pour vous dire que plusieurs passages sont \u00e0 soulever le c\u0153ur. Rien de gratuit mais c\u2019est gore par moment \u00e9voquant le raffinement dans le sadisme.<\/p>\n<p>C\u2019est un roman d\u2019une grande intensit\u00e9 qui mise en particulier sur la psychologie du meurtrier, l\u2019auteur, sans doute fort bien document\u00e9 va jusqu\u2019\u00e0 d\u00e9montrer comment les m\u00e9canismes de l\u2019esprit peuvent s\u2019enrayer au point de devenir psychopathe, voire, fou \u00e0 tuer. Je note aussi que les personnages ont un caract\u00e8re bien tremp\u00e9, ce \u00e0 quoi nous a habitu\u00e9 la s\u00e9rie sur le fameux d\u00e9partement V, sp\u00e9cialis\u00e9 dans les affaires non \u00e9lucid\u00e9es. Je pense \u00e0 l\u2019opini\u00e2tret\u00e9 de Carl et Assad mais aussi aux excentricit\u00e9s de Rose qui vient all\u00e9ger un contenu stressant \u00e0 souhait.<\/p>\n<p>Ce thriller m\u2019a essouffl\u00e9 et a brass\u00e9 en moi beaucoup d\u2019\u00e9motions et \u00e7a risque de vous arriver amis lecteurs, amies lectrices car la corde est sensible puisqu\u2019il est question d\u2019enfants et vous pouvez me croire quand je vous dis que les enfants de cette histoire ne sont pas m\u00e9nag\u00e9s. L\u2019ouvrage porte bien son titre, mais il faut voir \u00e0 quel prix. Les faiblesses de ce livre sont peu signifiantes mais avant d\u2019entreprendre la lecture, rappelez-vous qu\u2019il s\u2019agit d\u2019une histoire sordide d\u00e9velopp\u00e9e avec un r\u00e9alisme ahurissant. Je dirai que j\u2019ai pass\u00e9 un *sale quart d\u2019heure* &#8230; fort satisfaisant.<\/p>\n<p style=\"text-align: center;\"><img loading=\"lazy\" decoding=\"async\" class=\"alignnone  wp-image-21054\" src=\"http:\/\/biblioclo.com\/wp-content\/uploads\/2024\/10\/delivrance-2-300x200.jpg\" alt=\"\" width=\"355\" height=\"241\" \/><\/p>\n<p style=\"text-align: justify; margin: 0cm 0cm 19.5pt 0cm;\"><span style=\"font-size: 11.5pt; font-family: Roboto; color: #222222;\">Auteur Danois n\u00e9 le 2 ao\u00fbt 1950 \u00e0 Copenhague au Danemark,\u00a0 Jussi ADLER-OLSEN a \u00e9tudi\u00e9 la m\u00e9decine, la sociologie, le cin\u00e9ma et la politique. Il a \u00e9t\u00e9 \u00e9diteur, guitariste. Il aime la sc\u00e8ne et transmettre. Il a dans un premier temps \u00e9crit des grands thrillers internationaux. Puis il a tourn\u00e9 son regard et ses \u00e9crits vers le Danemark. Il conna\u00eet en Europe un succ\u00e8s sans pr\u00e9c\u00e9dent avec sa s\u00e9rie d\u2019enqu\u00eates de l\u2019inspecteur Mork, couronn\u00e9e par les prix scandinaves. <\/span><\/p>\n<p style=\"text-align: justify; margin: 0cm 0cm 19.5pt 0cm;\"><span style=\"font-size: 11.5pt; font-family: Roboto; color: #222222;\">Il va cr\u00e9er les enqu\u00eates du d\u00e9partement V qui g\u00e8re les affaires non r\u00e9solues. La s\u00e9rie comportera normalement 10 tomes. Cette grande saga s\u2019inscrit dans le temps. Jussi Alder-Olsen a ador\u00e9 lire Zola, cela l\u2019a inspir\u00e9 pour \u00e9crire une grande fresque. Le premier tome \u00ab Mis\u00e9ricorde \u00bb est paru en France aux \u00e9ditions Albin Michel en 2011. Les quatre premiers tomes ont \u00e9t\u00e9 <\/span><a href=\"https:\/\/nordique.zonelivre.fr\/adaptation-du-roman-dossier-64-de-jussi-adler-olsen\/\"><span style=\"font-size: 11.5pt; font-family: Roboto; color: #4db2ec; text-decoration: none; text-underline: none;\">adapt\u00e9s en film<\/span><\/a><span style=\"font-size: 11.5pt; font-family: Roboto; color: #222222;\">. (Extrait du site nordique.zone livre.fr On peut y lire une entrevue passionnante avec l\u2019auteur, par Sophie Peugnez. Int\u00e9ress\u00e9 ? <\/span><a href=\"https:\/\/nordique.zonelivre.fr\/jussi-adler-olsen-biographie-et-bibliographie\/\"><span style=\"font-size: 11.5pt; font-family: Roboto;\">Cliquez ici<\/span><\/a><span style=\"font-size: 11.5pt; font-family: Roboto; color: #222222;\">. <\/span><\/p>\n<p style=\"text-align: justify; margin: 0cm 0cm 19.5pt 0cm;\"><span style=\"font-size: 11.5pt; font-family: Roboto; color: #222222;\">\u00a0Suggestion de lecture : <a href=\"https:\/\/biblioclo.com\/index.php\/2018\/04\/15\/enlevement\/\">ENL\u00c8VEMENT<\/a>, de Tara Taylor-Quinn<\/span><\/p>\n<p style=\"text-align: center; margin: 0cm 0cm 19.5pt 0cm;\" align=\"center\"><span style=\"font-size: 20.0pt; font-family: 'Arial',sans-serif; color: #222222;\">D\u00c9LIVRANCE au cin\u00e9ma<\/span><\/p>\n<p><img loading=\"lazy\" decoding=\"async\" class=\"size-medium wp-image-21055 alignleft\" src=\"http:\/\/biblioclo.com\/wp-content\/uploads\/2024\/10\/delivrance-3-223x300.jpg\" alt=\"\" width=\"223\" height=\"300\" srcset=\"https:\/\/biblioclo.com\/wp-content\/uploads\/2024\/10\/delivrance-3-223x300.jpg 223w, https:\/\/biblioclo.com\/wp-content\/uploads\/2024\/10\/delivrance-3.jpg 559w\" sizes=\"auto, (max-width: 223px) 100vw, 223px\" \/>Un film de Christoffer BOE<br \/>Ecrit par Nikolaj ARCEL, Christoffer BOE &amp; Mikkel N\u00d8RGAARD<\/p>\n<p>D\u2019apr\u00e8s le roman de Jussi ADLER-OLSEN (publi\u00e9 aux Editions <u>ALBIN MICHEL<\/u> et <u>LIVRE DE POCHE<\/u> et AUDIOLIB)<\/p>\n<ul>\n<li>Avec Nikolaj LIE KAAS, FARES FARES, Johanne Louise SCHMIDT<\/li>\n<li>Danemark \u2013 Dur\u00e9e : 1h58<br \/>Date de sortie : 3 mars 2016 au Danemark<\/li>\n<\/ul>\n<p><span style=\"font-size: 12pt; color: #008080;\">Bonne lecture\u00a0<\/span><br \/><span style=\"font-size: 12pt; color: #008080;\">Claude Lambert<\/span><br \/><span style=\"font-size: 12pt; color: #008080;\">le dimanche 3 novembre 2024<\/span><\/p>\n","protected":false},"excerpt":{"rendered":"<p>Une myst\u00e9rieuse bouteille recueillie dans la mer lance deux inspecteurs dans la chasse d\u00e9sesp\u00e9r\u00e9e d&rsquo;un tueur que rien ne semble pouvoir arr\u00eater. D\u00c9LIVRANCE de Jussi Adler-Olson <a href=\"https:\/\/biblioclo.com\/index.php\/2024\/11\/03\/delivrance\/\">Continuer la lecture <span class=\"meta-nav\"> \u00bb<\/span><\/a><\/p>\n<div class='heateorSssClear'><\/div><div style=\"float:right\" class='heateor_sss_sharing_container heateor_sss_horizontal_sharing' data-heateor-sss-href='https:\/\/biblioclo.com\/index.php\/2024\/11\/03\/delivrance\/'><div class='heateor_sss_sharing_title' style=\"font-weight:bold\" ><\/div><div class=\"heateor_sss_sharing_ul\"><a style=\"padding:7.35px 0 !important\" class=\"heateor_sss_facebook_share\"><div class=\"fb-share-button\" data-href=\"https:\/\/biblioclo.com\/index.php\/2024\/11\/03\/delivrance\/\" data-layout=\"button\"><\/div><\/a><\/div><div class=\"heateorSssClear\"><\/div><\/div><div class='heateorSssClear'><\/div>","protected":false},"author":3,"featured_media":21053,"comment_status":"open","ping_status":"open","sticky":false,"template":"","format":"standard","meta":{"footnotes":""},"categories":[4,5],"tags":[2529,397,488,578,583,2530,2462,1346,1743,1793],"class_list":["post-21052","post","type-post","status-publish","format-standard","has-post-thumbnail","hentry","category-compterendus","category-critiques","tag-bouteille-a-la-mer","tag-cruaute","tag-disparition","tag-enlevement","tag-enquete","tag-litterature-danoise","tag-mysterieux-message","tag-policier","tag-thriller","tag-tueur"],"_links":{"self":[{"href":"https:\/\/biblioclo.com\/index.php\/wp-json\/wp\/v2\/posts\/21052","targetHints":{"allow":["GET"]}}],"collection":[{"href":"https:\/\/biblioclo.com\/index.php\/wp-json\/wp\/v2\/posts"}],"about":[{"href":"https:\/\/biblioclo.com\/index.php\/wp-json\/wp\/v2\/types\/post"}],"author":[{"embeddable":true,"href":"https:\/\/biblioclo.com\/index.php\/wp-json\/wp\/v2\/users\/3"}],"replies":[{"embeddable":true,"href":"https:\/\/biblioclo.com\/index.php\/wp-json\/wp\/v2\/comments?post=21052"}],"version-history":[{"count":2,"href":"https:\/\/biblioclo.com\/index.php\/wp-json\/wp\/v2\/posts\/21052\/revisions"}],"predecessor-version":[{"id":21057,"href":"https:\/\/biblioclo.com\/index.php\/wp-json\/wp\/v2\/posts\/21052\/revisions\/21057"}],"wp:featuredmedia":[{"embeddable":true,"href":"https:\/\/biblioclo.com\/index.php\/wp-json\/wp\/v2\/media\/21053"}],"wp:attachment":[{"href":"https:\/\/biblioclo.com\/index.php\/wp-json\/wp\/v2\/media?parent=21052"}],"wp:term":[{"taxonomy":"category","embeddable":true,"href":"https:\/\/biblioclo.com\/index.php\/wp-json\/wp\/v2\/categories?post=21052"},{"taxonomy":"post_tag","embeddable":true,"href":"https:\/\/biblioclo.com\/index.php\/wp-json\/wp\/v2\/tags?post=21052"}],"curies":[{"name":"wp","href":"https:\/\/api.w.org\/{rel}","templated":true}]}}