{"id":21454,"date":"2025-02-16T09:27:08","date_gmt":"2025-02-16T09:27:08","guid":{"rendered":"https:\/\/biblioclo.com\/?p=21454"},"modified":"2025-02-16T09:27:09","modified_gmt":"2025-02-16T09:27:09","slug":"recits-de-noirepierre","status":"publish","type":"post","link":"https:\/\/biblioclo.com\/index.php\/2025\/02\/16\/recits-de-noirepierre\/","title":{"rendered":"R\u00c9CITS DE NOIREPIERRE"},"content":{"rendered":"<p style=\"text-align: center;\"><span style=\"font-size: 18pt; color: #800080;\">Commentaire sur le livre de<br \/>\nTRISTAN MORLA\u00cbS<\/span><\/p>\n<p><strong><em>&lt;Ils avaient donn\u00e9 forme \u00e0 leur cupidit\u00e9, leurs d\u00e9sirs et leurs vices ; et en retour, cette b\u00eate noire se d\u00e9lecta de leurs \u00e2mes. Il se terra en ce pays maudit, et l\u2019on ne tarda gu\u00e8re \u00e0 parler des Terres du mal ; il prit possession de cette forteresse, et partout le nom de Noirepierre devint une peur que l\u2019on agite pour calmer les enfants capricieux.<\/em><\/strong><\/p>\n<p><strong><em>Mais en ses murs, l\u2019expression m\u00eame du mal se mit \u00e0 m\u00fbrir, et un jour, il d\u00e9bordera de ses remparts pour se d\u00e9verser \u00e0 travers les paysages, embrasser les hommes fautifs et d\u00e9vorer les pouvoirs secrets des v\u00e9ritables \u00c9ternels. &gt;<\/em><\/strong><\/p>\n<p>Extrait\u00a0: R\u00c9CITS DE NOIREPIERRE, Tristan Morla\u00ebs, Les \u00e9ditions du 38, 2021, Collection du Fou, format num\u00e9rique, 625 pages.<\/p>\n<p><b><span style=\"font-size: 10.0pt; font-family: 'Arial',sans-serif;\"><img loading=\"lazy\" decoding=\"async\" class=\"size-medium wp-image-21455 alignleft\" src=\"http:\/\/biblioclo.com\/wp-content\/uploads\/2025\/01\/Recis-de-Noirepierre-1-195x300.jpg\" alt=\"\" width=\"195\" height=\"300\" srcset=\"https:\/\/biblioclo.com\/wp-content\/uploads\/2025\/01\/Recis-de-Noirepierre-1-195x300.jpg 195w, https:\/\/biblioclo.com\/wp-content\/uploads\/2025\/01\/Recis-de-Noirepierre-1.jpg 248w\" sizes=\"auto, (max-width: 195px) 100vw, 195px\" \/>La Citadelle de Noirepierre. Une vieille forteresse en ruine, habit\u00e9e par Dieu sait quel esprit mal\u00e9fique. Du village mis\u00e9rable qui g\u00eet \u00e0 sa fronti\u00e8re, jusqu&rsquo;\u00e0 ses mar\u00e9cages hant\u00e9s, il faudrait \u00eatre fou pour s&rsquo;aventurer en pareille contr\u00e9e. Pourtant, des h\u00e9ros venus de royaumes lointains y ont tra\u00een\u00e9 leurs basques, en qu\u00eate de richesse et de gloire : ceux qui en sont revenus se comptent sur les doigts d&rsquo;une main. <\/span><\/b><b><span style=\"font-size: 10.0pt; font-family: 'Arial',sans-serif;\">Que viennent-ils donc chercher en ces lieux d\u00e9sol\u00e9s ? <\/span><\/b><b><span style=\"font-size: 10.0pt; font-family: 'Arial',sans-serif;\">La r\u00e9demption, pour ce chevalier d\u00e9chu ? <\/span><\/b><b><span style=\"font-size: 10.0pt; font-family: 'Arial',sans-serif;\">Une vie de solitude, pour cette enfant que l&rsquo;on nomme sorci\u00e8re ? <\/span><\/b><b><span style=\"font-size: 10.0pt; font-family: 'Arial',sans-serif;\">Quelques \u00e2mes \u00e0 importuner, pour ce farfadet fac\u00e9tieux ?<\/span><\/b><\/p>\n<p style=\"text-align: center;\"><span style=\"font-size: 24pt; color: #800080;\">Le noir, le mal et la peur<\/span><\/p>\n<p style=\"text-align: center;\"><img loading=\"lazy\" decoding=\"async\" class=\"alignnone  wp-image-21418\" src=\"http:\/\/biblioclo.com\/wp-content\/uploads\/2024\/12\/audio-8-300x300.jpg\" alt=\"\" width=\"148\" height=\"148\" srcset=\"https:\/\/biblioclo.com\/wp-content\/uploads\/2024\/12\/audio-8-300x300.jpg 300w, https:\/\/biblioclo.com\/wp-content\/uploads\/2024\/12\/audio-8-150x150.jpg 150w, https:\/\/biblioclo.com\/wp-content\/uploads\/2024\/12\/audio-8.jpg 400w\" sizes=\"auto, (max-width: 148px) 100vw, 148px\" \/><\/p>\n<p>J\u2019ai \u00e9t\u00e9 accro \u00e0 ce livre parce que, c\u2019est le moins que je puisse dire, l\u2019imaginaire de son auteur, Tristan Morla\u00ebs est tout \u00e0 fait fascinant. De cet imaginaire est issue NOIREPIERRE, une citadelle macabre avec, en son centre une sombre et vieille forteresse en ruine. Le tout, perdu au milieu de marais puants et gluants et d\u2019une for\u00eat dense, inqui\u00e9tante, lugubre, et bourr\u00e9e de cr\u00e9atures \u00e9tranges, bref, perdue au milieu de nulle part. Le mal, le diable ont rendu l\u2019endroit imprenable et peu en reviennent vivants.<\/p>\n<p><strong><em>*Les terres du mal sont un environnement profond\u00e9ment d\u00e9pressif. Les humains qui s\u2019y aventurent ne peuvent esp\u00e9rer en sortir indemnes, comme contamin\u00e9s par la n\u00e9gativit\u00e9 du lieu et de la cr\u00e9ature qui y r\u00e9side. Dans ce mar\u00e9cage mental, il n\u2019y a aucun espoir\u2026 *\u00a0<\/em><\/strong>Extrait<\/p>\n<p>(Tristan Morla\u00ebs, dans la postface de son livre pr\u00e9cise qu\u2019on peut pr\u00eater plusieurs sens \u00e0 son histoire, qu\u2019on a le choix des cl\u00e9s de lecture. Dans l\u2019extrait, il fait r\u00e9f\u00e9rence \u00e0 la sant\u00e9 mentale. Une cause qui lui tient \u00e0 c\u0153ur. Un personnage bien pr\u00e9cis de l\u2019histoire pourrait \u00eatre au c\u0153ur de cette cl\u00e9 de compr\u00e9hension\u00a0: Maleaume, le guerrier chef des Corbeaux.)<\/p>\n<p>\u00c0 proximit\u00e9 de Noirepierre, se trouve une petite bourgade miteuse et d\u00e9labr\u00e9e appel\u00e9e CENDRESPOIR, l\u2019\u00e9tape ultime pour les chevaliers, aventuriers, braves, h\u00e9ros, exorcistes, justiciers et redresseurs de torts venus affronter la p\u00e9rilleuse obscurit\u00e9 de Noirepierre.<\/p>\n<p>R\u00c9CITS DE NOIRPIERRE est exactement ce que son titre suppose\u00a0: un recueil de courtes histoires, r\u00e9cits et contes qui tous, convergent vers l\u2019affrontement final avec des personnages r\u00e9currents. L\u2019auteur a d\u00e9ploy\u00e9 beaucoup d\u2019imagination dans la description du malin allant jusqu\u2019\u00e0 lui opposer l\u2019arm\u00e9e du pape.<\/p>\n<p>La grande force de cette histoire est son atmosph\u00e8re, le non-dit, une ambiance g\u00e9n\u00e9ratrice d\u2019angoisse et d\u2019inconfort, moteur d\u2019\u00e9motions, d\u2019intensit\u00e9 voire d\u2019exaltation et c\u2019est exactement ce que cherchent les amateurs de *dark fantasy*.<\/p>\n<p>Ceux et celles qui ont vu les films <a href=\"https:\/\/fr.wikipedia.org\/wiki\/Le_Projet_Blair_Witch\">PROJET BLAIR<\/a> vont peut-\u00eatre comprendre plus facilement ce que je veux dire. \u00c7a joue exactement de la m\u00eame fa\u00e7on sur la pression psychologique du lecteur et de la lectrice. C\u2019est un livre qui brasse les \u00e9motions et pourrait \u00e9branler m\u00eame les plus endurcis.<\/p>\n<p>C\u2019est un livre fort, tr\u00e8s noir et j\u2019ai trouv\u00e9 l\u2019\u00e9criture tr\u00e8s belle et descriptive sans exag\u00e9ration, plaisant \u00e0 lire pour les lecteurs et lectrices qui aiment \u00eatre confront\u00e9 au surnaturel et \u00e0 l\u2019invraisemblable m\u00eame si le th\u00e8me d\u00e9velopp\u00e9 est vieux comme le monde. Il y a quand m\u00eame d\u2019int\u00e9ressantes touches d\u2019originalit\u00e9.<\/p>\n<p>La seule faiblesse notable de l\u2019\u0153uvre pour moi est sa finale que j\u2019ai trouv\u00e9e sensiblement nonchalante, pas trop facile \u00e0 suivre car tous les personnages des contes s\u2019y retrouvent. Manque un peu de d\u00e9tails, de fini, d\u2019abouti. C\u2019est tout. Dans l\u2019ensemble, c\u2019est un excellent livre, ajust\u00e9 au ressenti et \u00e0 l\u2019interpr\u00e9tation personnelle de chaque lecteur et lectrice.<\/p>\n<p><span style=\"font-size: 11.0pt; font-family: 'Arial',sans-serif;\"><img loading=\"lazy\" decoding=\"async\" class=\"size-full wp-image-21456 alignright\" src=\"http:\/\/biblioclo.com\/wp-content\/uploads\/2025\/01\/recits-de-Noirepierre-2.jpg\" alt=\"\" width=\"160\" height=\"160\" srcset=\"https:\/\/biblioclo.com\/wp-content\/uploads\/2025\/01\/recits-de-Noirepierre-2.jpg 160w, https:\/\/biblioclo.com\/wp-content\/uploads\/2025\/01\/recits-de-Noirepierre-2-150x150.jpg 150w\" sizes=\"auto, (max-width: 160px) 100vw, 160px\" \/>N\u00e9 en 1992, <strong><span style=\"font-family: 'Arial',sans-serif;\">Tristan Morla\u00ebs<\/span><\/strong> m\u00e8ne une premi\u00e8re vie de biblioth\u00e9caire \u00e0 Paris et Strasbourg, durant laquelle il \u00e9crit des articles sur le jeu vid\u00e9o pour <em><span style=\"font-family: 'Arial',sans-serif;\">La revue des livres pour enfants<\/span><\/em> et participe au podcast culturel <em><span style=\"font-family: 'Arial',sans-serif;\">Le PostCast<\/span><\/em>. En ao\u00fbt\u00a02019, il d\u00e9laisse son quotidien bien rang\u00e9 pour partir sur les routes d&rsquo;Europe et d&rsquo;Asie. Depuis, le go\u00fbt du voyage s&rsquo;est m\u00eal\u00e9 \u00e0 celui de l&rsquo;\u00e9criture, et il continue de noircir le papier au fil des kilom\u00e8tres.<\/span><\/p>\n<p style=\"text-align: center;\"><span style=\"font-size: 14pt; color: #800080;\">Les secrets d\u2019\u00e9criture de MORLA\u00cbS<\/span><\/p>\n<p>L\u2019auteur Tristan Morla\u00ebs d\u00e9voile ses secrets d\u2019\u00e9criture de R\u00c9CITS DE NOIREPIERRE dans une tr\u00e8s int\u00e9ressante entrevue accord\u00e9e <a href=\"https:\/\/www.actusf.com\/detail-d-un-article\/r%C3%A9cits-de-noirepierre-les-secrets-d%C3%A9criture-de-tristan-morla%C3%ABs\">actusf.com<\/a>.<\/p>\n<p><span style=\"font-size: 14pt;\">Bonne lecture<\/span><br \/>\n<span style=\"font-size: 14pt;\">Claude Lambert<\/span><br \/>\n<span style=\"font-size: 14pt;\">le dimanche 16 f\u00e9vrier 2025<\/span><\/p>\n","protected":false},"excerpt":{"rendered":"<p>Il faut \u00eatre fou pour s&rsquo;aventurer dans la Citadelle de Noirepierre. Une vieille forteresse en ruine hant\u00e9e. Des h\u00e9ros s&rsquo;y sont aventurent, mais peu en reviennent. R\u00c9CITS DE NOIREPIERRE, de Tristan Morla\u00ebs. <a href=\"https:\/\/biblioclo.com\/index.php\/2025\/02\/16\/recits-de-noirepierre\/\">Continuer la lecture <span class=\"meta-nav\"> \u00bb<\/span><\/a><\/p>\n<div class='heateorSssClear'><\/div><div style=\"float:right\" class='heateor_sss_sharing_container heateor_sss_horizontal_sharing' data-heateor-sss-href='https:\/\/biblioclo.com\/index.php\/2025\/02\/16\/recits-de-noirepierre\/'><div class='heateor_sss_sharing_title' style=\"font-weight:bold\" ><\/div><div class=\"heateor_sss_sharing_ul\"><a style=\"padding:7.35px 0 !important\" class=\"heateor_sss_facebook_share\"><div class=\"fb-share-button\" data-href=\"https:\/\/biblioclo.com\/index.php\/2025\/02\/16\/recits-de-noirepierre\/\" data-layout=\"button\"><\/div><\/a><\/div><div class=\"heateorSssClear\"><\/div><\/div><div class='heateorSssClear'><\/div>","protected":false},"author":3,"featured_media":21455,"comment_status":"open","ping_status":"open","sticky":false,"template":"","format":"standard","meta":{"footnotes":""},"categories":[4,5],"tags":[343,554,817,824,2640,1193,1404,1448,1452,1672],"class_list":["post-21454","post","type-post","status-publish","format-standard","has-post-thumbnail","hentry","category-compterendus","category-critiques","tag-contes","tag-emotions-fortes","tag-heros","tag-histoires-courtes","tag-intensite","tag-noir","tag-psychologie","tag-recits","tag-recueil","tag-surnaturel"],"_links":{"self":[{"href":"https:\/\/biblioclo.com\/index.php\/wp-json\/wp\/v2\/posts\/21454","targetHints":{"allow":["GET"]}}],"collection":[{"href":"https:\/\/biblioclo.com\/index.php\/wp-json\/wp\/v2\/posts"}],"about":[{"href":"https:\/\/biblioclo.com\/index.php\/wp-json\/wp\/v2\/types\/post"}],"author":[{"embeddable":true,"href":"https:\/\/biblioclo.com\/index.php\/wp-json\/wp\/v2\/users\/3"}],"replies":[{"embeddable":true,"href":"https:\/\/biblioclo.com\/index.php\/wp-json\/wp\/v2\/comments?post=21454"}],"version-history":[{"count":5,"href":"https:\/\/biblioclo.com\/index.php\/wp-json\/wp\/v2\/posts\/21454\/revisions"}],"predecessor-version":[{"id":21510,"href":"https:\/\/biblioclo.com\/index.php\/wp-json\/wp\/v2\/posts\/21454\/revisions\/21510"}],"wp:featuredmedia":[{"embeddable":true,"href":"https:\/\/biblioclo.com\/index.php\/wp-json\/wp\/v2\/media\/21455"}],"wp:attachment":[{"href":"https:\/\/biblioclo.com\/index.php\/wp-json\/wp\/v2\/media?parent=21454"}],"wp:term":[{"taxonomy":"category","embeddable":true,"href":"https:\/\/biblioclo.com\/index.php\/wp-json\/wp\/v2\/categories?post=21454"},{"taxonomy":"post_tag","embeddable":true,"href":"https:\/\/biblioclo.com\/index.php\/wp-json\/wp\/v2\/tags?post=21454"}],"curies":[{"name":"wp","href":"https:\/\/api.w.org\/{rel}","templated":true}]}}