{"id":22305,"date":"2025-09-07T09:40:14","date_gmt":"2025-09-07T09:40:14","guid":{"rendered":"https:\/\/biblioclo.com\/?p=22305"},"modified":"2025-09-07T09:40:14","modified_gmt":"2025-09-07T09:40:14","slug":"etat-de-terreur","status":"publish","type":"post","link":"https:\/\/biblioclo.com\/index.php\/2025\/09\/07\/etat-de-terreur\/","title":{"rendered":"\u00c9tat de terreur"},"content":{"rendered":"\n<p style=\"text-align: center;\"><span style=\"font-size: 14pt; font-family: arial, helvetica, sans-serif;\"><span style=\"color: #993300;\">Commentaire sur le livre de<\/span><br \/><\/span><\/p>\n<p style=\"text-align: center;\"><span style=\"color: #993300;\"><strong><span style=\"font-size: 14pt;\">Hillary Rodham Clinton<\/span><\/strong><\/span><br \/><span style=\"color: #993300;\"><strong><span style=\"font-size: 14pt;\">et<\/span><\/strong><\/span><br \/><span style=\"color: #993300;\"><strong><span style=\"font-size: 14pt;\">Louise Penny<\/span><\/strong><\/span><\/p>\n<p><strong><em>Aram Wani courut. Conscient que sa vie en d\u00e9pendait. M\u00eame s\u2019il lui \u00e9tait d\u00e9sormais \u00e9gal de vivre ou de mourir. Fuir \u00e9tait instinctif. Rien de plus. Et pourtant il courait, fuyait la mort. L\u2019homme arm\u00e9. L\u2019homme qui avait assassin\u00e9 sa femme et son enfant. Aram Wani courut.<\/em><\/strong><\/p>\n<p>Extrait\u00a0: \u00c9TAT DE TERREUR, de Hillary Rodham Clinton et Louise Penny. Flammarion Qu\u00e9bec 2022 pour la traduction fran\u00e7aise. \u00c9dition de papier, 525 pages.<\/p>\n<p style=\"text-align: center;\"><img loading=\"lazy\" decoding=\"async\" class=\"alignnone  wp-image-22306\" src=\"http:\/\/biblioclo.com\/wp-content\/uploads\/2025\/08\/etat-de-terreur-1-200x300.jpg\" alt=\"\" width=\"269\" height=\"396\" \/><\/p>\n<p><b>Apr\u00e8s une p\u00e9riode politique tumultueuse aux \u00c9tats-Unis, une nouvelle administration prend ses fonctions. Contre toute attente, le pr\u00e9sident choisit Ellen Adams comme secr\u00e9taire d\u2019\u00c9tat, r\u00e9duisant ainsi au silence l\u2019une de ses critiques les plus acerbes. Peu apr\u00e8s, une s\u00e9rie d\u2019attentats terroristes \u00e9branle l\u2019ordre mondial. Face \u00e0 cette menace croissante, la secr\u00e9taire d\u2019\u00c9tat r\u00e9alise que l\u2019administration pr\u00e9c\u00e9dente, d\u00e9connect\u00e9e des relations internationales, a laiss\u00e9 le pays isol\u00e9, sans de nombreux alli\u00e9s.<\/b><\/p>\n<p><b>Elle d\u00e9couvre que la conspiration est bien plus complexe, les enjeux plus importants, et les ennemis de l\u2019\u00c9tat bien plus proches qu\u2019elle n\u2019aurait pu l\u2019imaginer. Pour les contrer, elle forme une \u00e9quipe hors du commun, compos\u00e9e notamment de sa fille, une jeune agente d\u00e9vou\u00e9e du Service ext\u00e9rieur, et de sa plus fid\u00e8le amie et conseill\u00e8re.<\/b><\/p>\n<p style=\"text-align: center;\"><span style=\"font-size: 18pt; color: #993300;\">\u00a0Un thriller g\u00e9opolitique intense<\/span><\/p>\n<p style=\"text-align: center;\"><img loading=\"lazy\" decoding=\"async\" class=\"alignnone  wp-image-22146\" src=\"http:\/\/biblioclo.com\/wp-content\/uploads\/2025\/07\/audio-3.jpg\" alt=\"\" width=\"171\" height=\"122\" srcset=\"https:\/\/biblioclo.com\/wp-content\/uploads\/2025\/07\/audio-3.jpg 612w, https:\/\/biblioclo.com\/wp-content\/uploads\/2025\/07\/audio-3-300x213.jpg 300w, https:\/\/biblioclo.com\/wp-content\/uploads\/2025\/07\/audio-3-423x300.jpg 423w\" sizes=\"auto, (max-width: 171px) 100vw, 171px\" \/><\/p>\n<p style=\"text-align: left;\"><img loading=\"lazy\" decoding=\"async\" class=\"size-full wp-image-22308 alignleft\" src=\"http:\/\/biblioclo.com\/wp-content\/uploads\/2025\/08\/etat-de-terreur-3.jpg\" alt=\"\" width=\"194\" height=\"260\" \/><span style=\"font-size: 12pt;\">\u00c9TAT DE TERREUR est un thriller g\u00e9opolitique captivant qui m\u2019a tenu en haleine du d\u00e9but \u00e0 la fin. Bien que l\u2019id\u00e9e de d\u00e9part soit simple, l\u2019histoire s\u2019\u00e9tend largement et explore les ramifications complexes du terrorisme. Voici un aper\u00e7u. Apr\u00e8s les \u00e9lections pr\u00e9sidentielles am\u00e9ricaines, Eric Dunn, un pr\u00e9sident incomp\u00e9tent et douteux, est \u00e9vinc\u00e9 du pouvoir et remplac\u00e9 par Doug William, qui h\u00e9rite d\u2019un mandat difficile. Pour des raisons que je ne d\u00e9taillerai pas ici et qui sont quelque peu secondaires dans l\u2019histoire, William nomme Helen Adams, une fid\u00e8le de Dunn et adversaire politique, comme secr\u00e9taire d\u2019\u00c9tat.<\/span><\/p>\n<p style=\"text-align: left;\"><span style=\"font-size: 12pt;\">Le mandat d\u2019Helen Adams d\u00e9bute sur les chapeaux de roues avec des attentats meurtriers en Europe qui plongent le monde dans la peur et provoquent l\u2019angoisse des Am\u00e9ricains.\u00a0<\/span><\/p>\n<p style=\"text-align: left;\"><span style=\"font-size: 12pt;\">Pr\u00e9occup\u00e9e par la s\u00e9curit\u00e9 int\u00e9rieure, la secr\u00e9taire d\u2019\u00c9tat m\u00e8ne une enqu\u00eate minutieuse qui la conduit au c\u0153ur du terrorisme : dans des pays musulmans et m\u00eame \u00e0 Moscou, o\u00f9 elle parvient \u00e0 mettre le pr\u00e9sident dans une position d\u00e9licate. Ses nombreux d\u00e9placements r\u00e9v\u00e8lent un complot machiav\u00e9lique visant l\u2019Am\u00e9rique et le monde occidental.<\/span><\/p>\n<p style=\"text-align: left;\"><span style=\"font-size: 12pt;\">Depuis Henry Kissinger, secr\u00e9taire d\u2019\u00c9tat sous Nixon en 1973, qui a marqu\u00e9 l\u2019histoire avec sa politique de d\u00e9tente pendant la guerre froide, j\u2019ai toujours \u00e9t\u00e9 fascin\u00e9 par le r\u00f4le du secr\u00e9taire d\u2019\u00c9tat, v\u00e9ritable bras international du pr\u00e9sident am\u00e9ricain.<\/span><\/p>\n<p style=\"text-align: left;\"><span style=\"font-size: 12pt;\">Je doutais de la qualit\u00e9 que pourrait offrir l\u2019association d\u2019une ancienne secr\u00e9taire d\u2019\u00c9tat et premi\u00e8re dame avec une \u00e9crivaine renomm\u00e9e, mais j\u2019ai \u00e9t\u00e9 agr\u00e9ablement surpris. Ce livre m\u2019a paru d\u2019une cr\u00e9dibilit\u00e9 incontestable.<\/span><\/p>\n<p style=\"text-align: left;\"><span style=\"font-size: 12pt;\">Les autrices d\u00e9voilent avec pr\u00e9cision le r\u00f4le et le quotidien effr\u00e9n\u00e9 d\u2019une secr\u00e9taire d\u2019\u00c9tat tout en plongeant profond\u00e9ment dans les arcanes du terrorisme, ses ramifications, ses id\u00e9ologies radicales et ses extr\u00e9mistes pr\u00eats \u00e0 mourir pour des id\u00e9es absurdes, et pire encore, \u00e0 faire mourir d\u2019autres pour ces m\u00eames id\u00e9es.<\/span><\/p>\n<p><span style=\"font-size: 12pt;\">Suggestion de lecture : <a href=\"https:\/\/biblioclo.com\/index.php\/2025\/05\/24\/lordre-du-monde\/\">L&rsquo;ORDRE DU MONDE<\/a>, de Denis L\u00e9p\u00e9e<\/span><\/p>\n<p style=\"text-align: center;\"><img loading=\"lazy\" decoding=\"async\" class=\"alignnone  wp-image-22307\" src=\"http:\/\/biblioclo.com\/wp-content\/uploads\/2025\/08\/etat-de-terreur-2.jpg\" alt=\"\" width=\"573\" height=\"327\" \/><br \/><strong>Les autrices <\/strong><a href=\"https:\/\/fr.wikipedia.org\/wiki\/Hillary_Clinton\"><strong>Hillary Rodham Clinton<\/strong><\/a><strong> et <\/strong><a href=\"https:\/\/fr.wikipedia.org\/wiki\/Louise_Penny\"><strong>Louise Penny<\/strong><\/a><\/p>\n<p><strong>\u00a0<\/strong><\/p>\n<p><strong>Bonne lecture<br \/>Claude Lambert<br \/>le dimanche 7 septembre 2025<\/strong><\/p>\n<p style=\"text-align: center;\">\u00a0<\/p>\n","protected":false},"excerpt":{"rendered":"<p>Pr\u00e9occup\u00e9e par la s\u00e9curit\u00e9 int\u00e9rieure, la nouvelle Secr\u00e9taire d&rsquo;\u00c9tat am\u00e9ricaine m\u00e8ne une enqu\u00eate minutieuse qui la conduit au c\u0153ur du terrorisme. \u00c9TAT DE TERREUR H.R. Clinton et Louise Penny <a href=\"https:\/\/biblioclo.com\/index.php\/2025\/09\/07\/etat-de-terreur\/\">Continuer la lecture <span class=\"meta-nav\"> \u00bb<\/span><\/a><\/p>\n<div class='heateorSssClear'><\/div><div style=\"float:right\" class='heateor_sss_sharing_container heateor_sss_horizontal_sharing' data-heateor-sss-href='https:\/\/biblioclo.com\/index.php\/2025\/09\/07\/etat-de-terreur\/'><div class='heateor_sss_sharing_title' style=\"font-weight:bold\" ><\/div><div class=\"heateor_sss_sharing_ul\"><a style=\"padding:7.35px 0 !important\" class=\"heateor_sss_facebook_share\"><div class=\"fb-share-button\" data-href=\"https:\/\/biblioclo.com\/index.php\/2025\/09\/07\/etat-de-terreur\/\" data-layout=\"button\"><\/div><\/a><\/div><div class=\"heateorSssClear\"><\/div><\/div><div class='heateorSssClear'><\/div>","protected":false},"author":3,"featured_media":0,"comment_status":"open","ping_status":"open","sticky":false,"template":"","format":"standard","meta":{"footnotes":""},"categories":[4,5],"tags":[307,2872,583,684,2871,1349,2869,2870,1727,2868],"class_list":["post-22305","post","type-post","status-publish","format-standard","hentry","category-compterendus","category-critiques","tag-complot","tag-detente-internationale","tag-enquete","tag-extremisme","tag-ideologie-radicale","tag-politique-americaine","tag-secretaire-detat","tag-securite-interieure","tag-terrorisme","tag-thriller-geopolitique"],"_links":{"self":[{"href":"https:\/\/biblioclo.com\/index.php\/wp-json\/wp\/v2\/posts\/22305","targetHints":{"allow":["GET"]}}],"collection":[{"href":"https:\/\/biblioclo.com\/index.php\/wp-json\/wp\/v2\/posts"}],"about":[{"href":"https:\/\/biblioclo.com\/index.php\/wp-json\/wp\/v2\/types\/post"}],"author":[{"embeddable":true,"href":"https:\/\/biblioclo.com\/index.php\/wp-json\/wp\/v2\/users\/3"}],"replies":[{"embeddable":true,"href":"https:\/\/biblioclo.com\/index.php\/wp-json\/wp\/v2\/comments?post=22305"}],"version-history":[{"count":7,"href":"https:\/\/biblioclo.com\/index.php\/wp-json\/wp\/v2\/posts\/22305\/revisions"}],"predecessor-version":[{"id":22315,"href":"https:\/\/biblioclo.com\/index.php\/wp-json\/wp\/v2\/posts\/22305\/revisions\/22315"}],"wp:attachment":[{"href":"https:\/\/biblioclo.com\/index.php\/wp-json\/wp\/v2\/media?parent=22305"}],"wp:term":[{"taxonomy":"category","embeddable":true,"href":"https:\/\/biblioclo.com\/index.php\/wp-json\/wp\/v2\/categories?post=22305"},{"taxonomy":"post_tag","embeddable":true,"href":"https:\/\/biblioclo.com\/index.php\/wp-json\/wp\/v2\/tags?post=22305"}],"curies":[{"name":"wp","href":"https:\/\/api.w.org\/{rel}","templated":true}]}}