{"id":22316,"date":"2025-09-12T11:01:03","date_gmt":"2025-09-12T11:01:03","guid":{"rendered":"https:\/\/biblioclo.com\/?p=22316"},"modified":"2025-09-12T11:01:04","modified_gmt":"2025-09-12T11:01:04","slug":"la-ou-chantent-les-ecrevisses","status":"publish","type":"post","link":"https:\/\/biblioclo.com\/index.php\/2025\/09\/12\/la-ou-chantent-les-ecrevisses\/","title":{"rendered":"L\u00e0 o\u00f9 chantent les \u00e9crevisses"},"content":{"rendered":"\n<p style=\"text-align: center;\"><span style=\"font-family: arial, helvetica, sans-serif; font-size: 14pt;\">Commentaire sur le livre de<\/span><br \/><span style=\"font-family: arial, helvetica, sans-serif; font-size: 14pt;\">DELIA OWENS<\/span><\/p>\n<p><strong><em>\u00ab\u00a0Mais, mesdames et messieurs, je vous le demande, avons-nous exclu Mlle Clark parce qu\u2019elle \u00e9tait diff\u00e9rente, ou est-elle devenue diff\u00e9rente parce que nous l\u2019avons exclue ?\u00a0\u00bb<\/em><\/strong><\/p>\n<p>Extrait\u00a0: L\u00c0 O\u00d9 CHANTENT LES \u00c9CREVISSES, Delia Owens, version papier\u00a0: Seuil \u00e9diteur, 2019, 480 pages. Version num\u00e9rique\u00a0: Seuil \u00e9diteur 2020, 483 pages. Verion audio\u00a0: Audiolib \u00e9diteur, 2020, dur\u00e9e d\u2019\u00e9coute\u00a0: 11 heures 17 minutes, narratrice\u00a0: Marie du Bled.<\/p>\n<p><img loading=\"lazy\" decoding=\"async\" class=\"alignnone size-full wp-image-22317\" src=\"http:\/\/biblioclo.com\/wp-content\/uploads\/2025\/08\/la-ou-chantent-les-ecrevisses-1.jpg\" alt=\"\" width=\"700\" height=\"457\" srcset=\"https:\/\/biblioclo.com\/wp-content\/uploads\/2025\/08\/la-ou-chantent-les-ecrevisses-1.jpg 700w, https:\/\/biblioclo.com\/wp-content\/uploads\/2025\/08\/la-ou-chantent-les-ecrevisses-1-300x196.jpg 300w, https:\/\/biblioclo.com\/wp-content\/uploads\/2025\/08\/la-ou-chantent-les-ecrevisses-1-460x300.jpg 460w\" sizes=\"auto, (max-width: 700px) 100vw, 700px\" \/><\/p>\n<p style=\"text-align: center;\"><span style=\"font-size: 18pt;\"><strong>La po\u00e9sie des marais<\/strong><\/span><\/p>\n<p style=\"text-align: center;\"><img loading=\"lazy\" decoding=\"async\" class=\"alignnone  wp-image-22146\" src=\"http:\/\/biblioclo.com\/wp-content\/uploads\/2025\/07\/audio-3.jpg\" alt=\"\" width=\"107\" height=\"79\" \/> <img loading=\"lazy\" decoding=\"async\" class=\"alignnone  wp-image-22147\" src=\"http:\/\/biblioclo.com\/wp-content\/uploads\/2025\/07\/audio-7.png\" alt=\"\" width=\"80\" height=\"80\" srcset=\"https:\/\/biblioclo.com\/wp-content\/uploads\/2025\/07\/audio-7.png 512w, https:\/\/biblioclo.com\/wp-content\/uploads\/2025\/07\/audio-7-300x300.png 300w, https:\/\/biblioclo.com\/wp-content\/uploads\/2025\/07\/audio-7-150x150.png 150w\" sizes=\"auto, (max-width: 80px) 100vw, 80px\" \/> <img loading=\"lazy\" decoding=\"async\" class=\"alignnone  wp-image-22148\" src=\"http:\/\/biblioclo.com\/wp-content\/uploads\/2025\/07\/audio-8.jpg\" alt=\"\" width=\"93\" height=\"93\" srcset=\"https:\/\/biblioclo.com\/wp-content\/uploads\/2025\/07\/audio-8.jpg 400w, https:\/\/biblioclo.com\/wp-content\/uploads\/2025\/07\/audio-8-300x300.jpg 300w, https:\/\/biblioclo.com\/wp-content\/uploads\/2025\/07\/audio-8-150x150.jpg 150w\" sizes=\"auto, (max-width: 93px) 100vw, 93px\" \/><\/p>\n<p>Ce livre est un v\u00e9ritable enchantement. Je l\u2019ai ador\u00e9 malgr\u00e9 la cr\u00e9dibilit\u00e9 douteuse de son personnage principal et la superficialit\u00e9 des acteurs en g\u00e9n\u00e9ral.<\/p>\n<p>L\u2019histoire est celle de Kia, une petite fille de Barkley cove, Caroline du nord. Elle a 10 ans. Elle est consid\u00e9r\u00e9e rebelle et sauvage par ses pairs parce qu\u2019elle refuse d\u2019adh\u00e9rer \u00e0 une soci\u00e9t\u00e9 avec laquelle elle ne se sent pas compatible. Abandonn\u00e9e par sa famille, elle prend refuge dans le marais qui deviendra son monde.<\/p>\n<p>Pour survivre, Kia, devenue la fille du marais, p\u00eache des coquillages et les vend \u00e0 un sympathique couple marchand du village\u00a0: Jumping et Mable qui prennent Kia en amiti\u00e9. Pour le reste, Kia demeure le plus possible dans la solitude l\u00e0 o\u00f9 chantent les \u00e9crevisses. Pour moi, ce cadre social, pour une fille de 10 ans au d\u00e9part est peu cr\u00e9dible d\u2019autant que les services sociaux ont renoncer \u00e0 la rechercher. Peu probable \u00e0 mon avis.<\/p>\n<p>Au fil du temps, deux hommes entreront dans la vie de Kia\u00a0: Tate, un gar\u00e7on honn\u00eate, avide de connaissances naturalistes comme Kia, sinc\u00e8re mais un peu maladroit et Chase, un gars \u00e0 filles, \u00e9gocentrique et hypocrite. Or peu apr\u00e8s une agression sur Kia, Chase est retrouv\u00e9 mort. Le sh\u00e9rif du comt\u00e9 soup\u00e7onne un meurtre, accuse Kia et la met en prison.<\/p>\n<p>Un proc\u00e8s suit. L\u2019enqu\u00eate et le proc\u00e8s sont au c\u0153ur de l\u2019histoire et croyez-moi, le proc\u00e8s comme tel vaut la peine d\u2019\u00eatre suivi, c\u2019est un bijou. L\u2019avocat de Kia, Tom, m\u2019a simplement \u00e9bloui.<\/p>\n<p>Bien au-del\u00e0 des performances judiciaires et de l\u2019incomp\u00e9tence crasse d\u2019un officier de justice, ce livre est envo\u00fbtant et il faut le p\u00e9n\u00e9trer au-del\u00e0 d\u2019une simple lecture. J\u2019ai fait plus qu\u2019entrer dans l\u2019histoire, je suis entr\u00e9 dans le marais, j\u2019ai respir\u00e9 son parfum, senti sur ma peau les vents humides. Je fus p\u00e9n\u00e9tr\u00e9 par les sons et les odeurs d\u2019une nature luxuriante, g\u00e9n\u00e9reuse.<\/p>\n<p>Voil\u00e0 la grande force de ce livre, celle de m\u2019avoir amen\u00e9 dans le marais pour finalement le quitter \u00e0 regret. Ce livre est un hommage \u00e0 la nature. Et son r\u00e9alisme descriptif est une v\u00e9ritable po\u00e9sie.<\/p>\n<p>Cet aspect immersif qui nous transporte dans une nature si g\u00e9n\u00e9reuse m\u2019a fait oublier le caract\u00e8re insipide du c\u00f4t\u00e9 romanesque de Kia et la qualit\u00e9 discutable des dialogues qui sont la principale faiblesse du livre.<\/p>\n<p>Mais le proc\u00e8s et surtout, l\u2019omnipr\u00e9sence du marais font de ce livre une petite merveille qui n\u2019est pas sans \u00e9voquer les vertus de la tol\u00e9rance et le respect de l\u2019environnement.<\/p>\n<p>Bref, c\u2019est un livre qui fait du bien.<\/p>\n<p>Suggestion de lecture :<\/p>\n<h1 class=\"entry-title\"><a href=\"https:\/\/biblioclo.com\/index.php\/2022\/03\/20\/les-mysteres-du-bayou-trilogie-de-jana-deleon\/\">LES MYST\u00c8RES DU BAYOU<\/a>, trilogie de JANA DELEON<\/h1>\n<p style=\"text-align: center;\"><img loading=\"lazy\" decoding=\"async\" class=\"alignnone  wp-image-22320\" src=\"http:\/\/biblioclo.com\/wp-content\/uploads\/2025\/08\/la-ou-chantent-les-ecrevisses-2.jpg\" alt=\"\" width=\"575\" height=\"330\" \/><br \/><br \/>L\u2019autrice <a href=\"https:\/\/www.seuil.com\/auteur\/delia-owens\/32980\">Delia Owens<\/a><\/p>\n<p style=\"text-align: center;\"><img loading=\"lazy\" decoding=\"async\" class=\"alignnone  wp-image-22321\" src=\"http:\/\/biblioclo.com\/wp-content\/uploads\/2025\/08\/la-ou-chantent-les-ecrevisses-3.jpg\" alt=\"\" width=\"593\" height=\"339\" \/><br \/><span style=\"font-size: revert;\">L\u00c0 O\u00d9 CHANTENT LES \u00c9CREVISSES <\/span><span style=\"font-size: revert;\">image du film \u00e9ponyme<\/span><\/p>\n<p><span style=\"font-size: revert;\">*L\u00c0 O\u00d9 CHANTENT LES \u00c9CREVISSES* de Delia Owens a \u00e9t\u00e9 adapt\u00e9 au cin\u00e9ma en 2022 par Olivia Newman, sc\u00e9naris\u00e9 par Lucy Alibar. Avec Daisy Edgar-Jones, Taylor John-Smith et Harris Dickinson. D\u00e9tails <\/span><a style=\"font-size: revert;\" href=\"https:\/\/www.allocine.fr\/film\/fichefilm_gen_cfilm=285346.html\">ici<\/a><span style=\"font-size: revert;\">.<\/span><\/p>\n<p><span style=\"font-size: revert;\">Bonne lecture,<\/span><\/p>\n<p>Bonne \u00e9coute<\/p>\n<p>Claude Lambert<\/p>\n<p>le vendredi 12 septembre 2025<br \/><br \/><\/p>\n\n\n\n<p><\/p>\n","protected":false},"excerpt":{"rendered":"<p>\u00c0 \u00a0Barkley cove, Caroline du nord, Abandonn\u00e9e par sa famille, Kia, 10 ans, prend refuge dans le marais qui deviendra son monde. L\u00c0 O\u00d9 CHANTENT LES \u00c9CREVISSES <a href=\"https:\/\/biblioclo.com\/index.php\/2025\/09\/12\/la-ou-chantent-les-ecrevisses\/\">Continuer la lecture <span class=\"meta-nav\"> \u00bb<\/span><\/a><\/p>\n<div class='heateorSssClear'><\/div><div style=\"float:right\" class='heateor_sss_sharing_container heateor_sss_horizontal_sharing' data-heateor-sss-href='https:\/\/biblioclo.com\/index.php\/2025\/09\/12\/la-ou-chantent-les-ecrevisses\/'><div class='heateor_sss_sharing_title' style=\"font-weight:bold\" ><\/div><div class=\"heateor_sss_sharing_ul\"><a style=\"padding:7.35px 0 !important\" class=\"heateor_sss_facebook_share\"><div class=\"fb-share-button\" data-href=\"https:\/\/biblioclo.com\/index.php\/2025\/09\/12\/la-ou-chantent-les-ecrevisses\/\" data-layout=\"button\"><\/div><\/a><\/div><div class=\"heateorSssClear\"><\/div><\/div><div class='heateorSssClear'><\/div>","protected":false},"author":3,"featured_media":22325,"comment_status":"open","ping_status":"open","sticky":false,"template":"","format":"standard","meta":{"footnotes":""},"categories":[4,5],"tags":[60,80,592,1067,1114,1175,1390,1399,2873,1623],"class_list":["post-22316","post","type-post","status-publish","format-standard","has-post-thumbnail","hentry","category-compterendus","category-critiques","tag-agression","tag-amitie","tag-environnement","tag-marais","tag-meurtre","tag-nature","tag-proces","tag-protection","tag-refuge","tag-solitude"],"_links":{"self":[{"href":"https:\/\/biblioclo.com\/index.php\/wp-json\/wp\/v2\/posts\/22316","targetHints":{"allow":["GET"]}}],"collection":[{"href":"https:\/\/biblioclo.com\/index.php\/wp-json\/wp\/v2\/posts"}],"about":[{"href":"https:\/\/biblioclo.com\/index.php\/wp-json\/wp\/v2\/types\/post"}],"author":[{"embeddable":true,"href":"https:\/\/biblioclo.com\/index.php\/wp-json\/wp\/v2\/users\/3"}],"replies":[{"embeddable":true,"href":"https:\/\/biblioclo.com\/index.php\/wp-json\/wp\/v2\/comments?post=22316"}],"version-history":[{"count":5,"href":"https:\/\/biblioclo.com\/index.php\/wp-json\/wp\/v2\/posts\/22316\/revisions"}],"predecessor-version":[{"id":22324,"href":"https:\/\/biblioclo.com\/index.php\/wp-json\/wp\/v2\/posts\/22316\/revisions\/22324"}],"wp:featuredmedia":[{"embeddable":true,"href":"https:\/\/biblioclo.com\/index.php\/wp-json\/wp\/v2\/media\/22325"}],"wp:attachment":[{"href":"https:\/\/biblioclo.com\/index.php\/wp-json\/wp\/v2\/media?parent=22316"}],"wp:term":[{"taxonomy":"category","embeddable":true,"href":"https:\/\/biblioclo.com\/index.php\/wp-json\/wp\/v2\/categories?post=22316"},{"taxonomy":"post_tag","embeddable":true,"href":"https:\/\/biblioclo.com\/index.php\/wp-json\/wp\/v2\/tags?post=22316"}],"curies":[{"name":"wp","href":"https:\/\/api.w.org\/{rel}","templated":true}]}}