{"id":22941,"date":"2026-01-18T09:40:15","date_gmt":"2026-01-18T09:40:15","guid":{"rendered":"https:\/\/biblioclo.com\/?p=22941"},"modified":"2026-01-18T09:40:17","modified_gmt":"2026-01-18T09:40:17","slug":"meurtres-chez-les-cordistes","status":"publish","type":"post","link":"https:\/\/biblioclo.com\/index.php\/2026\/01\/18\/meurtres-chez-les-cordistes\/","title":{"rendered":"Meurtres chez les cordistes"},"content":{"rendered":"\n<p style=\"text-align: center;\"><span style=\"font-size: 14pt; color: #0000ff;\">Commentaire sur le livre de<br \/>MARC LENTON<\/span><\/p>\n<p><strong><em>*La victime endormie, il \u00e9tait facile de l\u2019encorder autour du cou, de la hisser sur un tabouret avant de le faire basculer. Une analyse classique de la sc\u00e8ne du meurtre d\u00e9montrerait un suicide sous ecstasy, un mauvais trip, et la police \u00e9tait cens\u00e9e ne pas chercher plus loin. * <\/em><\/strong><\/p>\n<p>Extrait\u00a0: MEURTRES CHES LES CORDISTES, de Marc Lenton. \u00c9dition de papier et format num\u00e9rique chez ISEdition, 2013, 282 pages.<\/p>\n<p style=\"text-align: center;\"><img loading=\"lazy\" decoding=\"async\" class=\"alignnone size-full wp-image-22943\" src=\"http:\/\/biblioclo.com\/wp-content\/uploads\/2025\/12\/meurtres-chez-les-cordistes.jpg\" alt=\"\" width=\"333\" height=\"499\" srcset=\"https:\/\/biblioclo.com\/wp-content\/uploads\/2025\/12\/meurtres-chez-les-cordistes.jpg 333w, https:\/\/biblioclo.com\/wp-content\/uploads\/2025\/12\/meurtres-chez-les-cordistes-200x300.jpg 200w\" sizes=\"auto, (max-width: 333px) 100vw, 333px\" \/><\/p>\n<p><strong>Une s\u00e9rie de meurtres myst\u00e9rieux vient semer le trouble aux cours de colloques scientifiques r\u00e9unissant l&rsquo;\u00e9lite des astrophysiciens de la plan\u00e8te.<\/strong><strong> Les controverses th\u00e9oriques (th\u00e9orie des cordes, gravitation quantique), entre gens de bonnes compagnies, se r\u00e9gleraient-elles maintenant par des meurtres ? Ou faut-il chercher un mobile dans l&rsquo;argent, la gloire, voire le sexe ? Alors que la science continue d&rsquo;avancer avec son lot de hauts et de bas, deux journalistes d\u00e9cident d&rsquo;enqu\u00eater. <\/strong><\/p>\n<p><strong>Aux quatre coins du monde, aid\u00e9s par Interpol finalement saisie du dossier, leurs stup\u00e9fiantes d\u00e9couvertes les guideront jusqu&rsquo;au commanditaire que de puissants int\u00e9r\u00eats prot\u00e8gent. Mais au soir du 21 d\u00e9cembre 2012, un ph\u00e9nom\u00e8ne \u00e9trange se produit. Il pourrait bien sceller le sort de l&rsquo;humanit\u00e9 et rendre futile toute cette aventure.<\/strong><strong> Les Mayas avaient-ils finalement raison dans leurs pr\u00e9dictions ?<\/strong><\/p>\n<p style=\"text-align: center;\"><span style=\"font-size: 18pt; color: #0000ff;\"><strong>\u00a0<\/strong><strong>Science et assassinats<\/strong><\/span><\/p>\n<p style=\"text-align: center;\"><img loading=\"lazy\" decoding=\"async\" class=\"alignnone  wp-image-22758\" src=\"http:\/\/biblioclo.com\/wp-content\/uploads\/2025\/11\/audio-3.jpg\" alt=\"\" width=\"118\" height=\"84\" srcset=\"https:\/\/biblioclo.com\/wp-content\/uploads\/2025\/11\/audio-3.jpg 612w, https:\/\/biblioclo.com\/wp-content\/uploads\/2025\/11\/audio-3-300x213.jpg 300w, https:\/\/biblioclo.com\/wp-content\/uploads\/2025\/11\/audio-3-423x300.jpg 423w\" sizes=\"auto, (max-width: 118px) 100vw, 118px\" \/> <img loading=\"lazy\" decoding=\"async\" class=\"alignnone  wp-image-22760\" src=\"http:\/\/biblioclo.com\/wp-content\/uploads\/2025\/11\/audio-8.jpg\" alt=\"\" width=\"95\" height=\"95\" srcset=\"https:\/\/biblioclo.com\/wp-content\/uploads\/2025\/11\/audio-8.jpg 400w, https:\/\/biblioclo.com\/wp-content\/uploads\/2025\/11\/audio-8-300x300.jpg 300w, https:\/\/biblioclo.com\/wp-content\/uploads\/2025\/11\/audio-8-150x150.jpg 150w\" sizes=\"auto, (max-width: 95px) 100vw, 95px\" \/><\/p>\n<p><span style=\"font-size: 12pt;\">C\u2019est une co\u00efncidence \u00e9trange et macabre qui m\u2019a attir\u00e9e dans ce livre et qui a retenu mon attention\u00a0: une personne est retrouv\u00e9e morte pendue dans sa chambre d\u2019h\u00f4tel pendant que ses coll\u00e8gues, astrophysiciens de haut niveau, d\u00e9battent de la th\u00e9orie des cordes, un cadre th\u00e9orique extr\u00eamement complexe de la physique des particules, pendant un colloque scientifique dont les enjeux sont tout aussi complexes.\u00a0:<\/span><\/p>\n<p><span style=\"font-size: 12pt;\"><strong><em>*Gravitation quantique dans la th\u00e9orie des cordes. Un titre appropri\u00e9 pour un pendu qui avait gravit\u00e9 au-dessus du sol. * <\/em><\/strong>(Extrait)<\/span><\/p>\n<p><span style=\"font-size: 12pt;\">Ici, l\u2019auteur n\u2019a pas manqu\u00e9 d\u2019humour mais ne vous m\u00e9prenez pas. Il n\u2019y a aucun humour dans ce livre, un thriller policier sur fond de science et de machination politique.<\/span><\/p>\n<p><span style=\"font-size: 12pt;\">Parlons d\u2019abord de l\u2019aspect scientifique car si l\u2019\u0153uvre et les personnages sont fictifs, les th\u00e9ories scientifiques d\u00e9velopp\u00e9es dans ce livre sont bien r\u00e9elles et toujours d\u00e9battues entre sp\u00e9cialiste\u00a0: <a href=\"https:\/\/fr.wikipedia.org\/wiki\/Th%C3%A9orie_des_cordes\">th\u00e9orie des cordes<\/a>, <a href=\"https:\/\/fr.wikipedia.org\/wiki\/Th%C3%A9orie_de_la_relativit%C3%A9\">th\u00e9orie de la relativit\u00e9<\/a>, <a href=\"https:\/\/fr.wikipedia.org\/wiki\/Univers_parall%C3%A8le\">univers parall\u00e8les<\/a>, <a href=\"https:\/\/fr.wikipedia.org\/wiki\/Trou_noir\">trous noirs<\/a>, trous blancs, etc.<\/span><\/p>\n<p><span style=\"font-size: 12pt;\">J\u2019ose ici un exemple d\u2019id\u00e9e d\u00e9battue, celle qui veut que la th\u00e9orie des cordes expliquerait la toute premi\u00e8re seconde de l\u2019univers apr\u00e8s le big bang. Pour \u00eatre plus pr\u00e9cis, la th\u00e9orie expliquerait la cha\u00eene d\u2019\u00e9v\u00e8nement 10 exposant moins 43 seconde apr\u00e8s le big bang, un temps infinit\u00e9simal inimaginable mais apparemment mesurable qu\u2019on appelle <a href=\"https:\/\/fr.wikipedia.org\/wiki\/Temps_de_Planck\">le temps de Planck ou \u00e8re de Planck<\/a><\/span><\/p>\n<p><span style=\"font-size: 12pt;\">Sur le plan scientifique, ce livre est opaque, voire herm\u00e9tique. Pour en saisir ne serait-ce qu\u2019une partie, il faut avoir des notions de physique quantique, d\u2019astrophysique, de cosmologie, de m\u00e9canique et de math\u00e9matiques quantiques, de physique des particules. Sinon, on ne peut pas suivre un tel \u00e9talage de connaissances malgr\u00e9 les magnifiques efforts de vulgarisation de l\u2019auteur qui a m\u00eame pr\u00e9vu un glossaire en annexe. Ce qui a pour moi, chang\u00e9 peu de choses.<\/span><\/p>\n<p><span style=\"font-size: 12pt;\">Sur le plan policier, l\u2019histoire est int\u00e9ressante mais elle est complexe parce que l\u2019enqu\u00eate est internationale et limit\u00e9e par de lourdes disparit\u00e9s diplomatiques et administratives. Complexe, mais agr\u00e9able \u00e0 suivre gr\u00e2ce \u00e0 des chapitres courts, une tr\u00e8s bonne ventilation et des personnages bien travaill\u00e9s, je dirais m\u00eame que c\u2019est la principale force du livre. Les journalistes y sont particuli\u00e8rement brillants.<\/span><\/p>\n<p><span style=\"font-size: 12pt;\">Malgr\u00e9 ces forces, j\u2019ai trouv\u00e9 l\u2019ensemble frustrant car je n\u2019ai jamais pu saisir le mobile de ces meurtres. Je n\u2019ai pas compris non plus pourquoi l\u2019auteur a gard\u00e9 aussi \u00e9nigmatique le personnage qui semble tirer toutes les ficelles, le russe Manchik, un puissant oligarque. Je ne sais pas d\u2019o\u00f9 il vient, o\u00f9 il s\u2019en va. J\u2019ai compris qu\u2019il est fort en machination, mais ses objectifs sont demeur\u00e9s pour moi obscurs.<\/span><\/p>\n<p><span style=\"font-size: 12pt;\">Tout aussi obscur fut pour moi le lien entre la science et les meurtres. Bref, les lecteurs et lectrices auront \u00e0 travailler fort pour d\u00e9m\u00ealer tout \u00e7a. Quoiqu\u2019\u00e9trange et \u00e9nigmatique, la finale m\u2019a fait vibrer car elle vient nous rappeler que si l\u2019univers a un d\u00e9but, il s\u2019en va forc\u00e9ment vers sa fin\u2026<\/span><\/p>\n<p><span style=\"font-size: 12pt;\">Suggestion de lecture : <a href=\"https:\/\/biblioclo.com\/index.php\/2014\/11\/09\/morts-mysterieuses-dans-la-solitude-de-st-anselm\/\">MEURTRES EN SOUTANE<\/a> de Phyllis Dorothy James<\/span><\/p>\n<p style=\"text-align: center;\"><img loading=\"lazy\" decoding=\"async\" class=\"alignnone  wp-image-22942\" src=\"http:\/\/biblioclo.com\/wp-content\/uploads\/2025\/12\/meurtres-chez-les-cordistes-2.jpg\" alt=\"\" width=\"294\" height=\"230\" \/><br \/><strong>Un mod\u00e8le de la <\/strong><a href=\"https:\/\/www.futura-sciences.com\/sciences\/definitions\/physique-theorie-cordes-4472\/\"><strong>th\u00e9orie des cordes<\/strong><\/a><\/p>\n<p><strong><span style=\"color: #0000ff;\">Un mot sur l\u2019auteur<\/span><br \/><\/strong><a href=\"https:\/\/www.is-edition.com\/actualites\/104-marc-lenton-auteur-de-meurtres-chez-les-cordistes-rejoint-is-edition\/\">Marc Letton<\/a> est un pseudonyme. Cet expert en technologie, en fonction dans un grand minist\u00e8re fran\u00e7ais, tient absolument \u00e0 son anonymat et n\u2019autorise m\u00eame pas la publication d\u2019une photographie de lui.<br \/><br \/><\/p>\n<p><strong><span style=\"font-size: 12pt;\">Bonne lecture<\/span><\/strong><br \/><strong><span style=\"font-size: 12pt;\">Claude Lambert<\/span><\/strong><br \/><strong><span style=\"font-size: 12pt;\">le dimanche 18 janvier 2026<\/span><\/strong><\/p>\n<p>\u00a0<\/p>\n\n\n\n<p><\/p>\n","protected":false},"excerpt":{"rendered":"<p>Une s\u00e9rie de meurtres myst\u00e9rieux vient semer le trouble aux cours de colloques scientifiques r\u00e9unissant l&rsquo;\u00e9lite des astrophysiciens de la plan\u00e8te. MEURTRES CHEZ LES CORDISTES <a href=\"https:\/\/biblioclo.com\/index.php\/2026\/01\/18\/meurtres-chez-les-cordistes\/\">Continuer la lecture <span class=\"meta-nav\"> \u00bb<\/span><\/a><\/p>\n<div class='heateorSssClear'><\/div><div style=\"float:right\" class='heateor_sss_sharing_container heateor_sss_horizontal_sharing' data-heateor-sss-href='https:\/\/biblioclo.com\/index.php\/2026\/01\/18\/meurtres-chez-les-cordistes\/'><div class='heateor_sss_sharing_title' style=\"font-weight:bold\" ><\/div><div class=\"heateor_sss_sharing_ul\"><a style=\"padding:7.35px 0 !important\" class=\"heateor_sss_facebook_share\"><div class=\"fb-share-button\" data-href=\"https:\/\/biblioclo.com\/index.php\/2026\/01\/18\/meurtres-chez-les-cordistes\/\" data-layout=\"button\"><\/div><\/a><\/div><div class=\"heateorSssClear\"><\/div><\/div><div class='heateorSssClear'><\/div>","protected":false},"author":3,"featured_media":22943,"comment_status":"open","ping_status":"open","sticky":false,"template":"","format":"standard","meta":{"footnotes":""},"categories":[4,5],"tags":[327,3036,3038,3037,3040,1117,1573,3039,1748,3041],"class_list":["post-22941","post","type-post","status-publish","format-standard","has-post-thumbnail","hentry","category-compterendus","category-critiques","tag-congres","tag-enquetes","tag-interpol","tag-journalistes","tag-macination-politique","tag-meurtres","tag-sciences","tag-theorie-des-cordes","tag-thriller-policier","tag-univers-en-danger"],"_links":{"self":[{"href":"https:\/\/biblioclo.com\/index.php\/wp-json\/wp\/v2\/posts\/22941","targetHints":{"allow":["GET"]}}],"collection":[{"href":"https:\/\/biblioclo.com\/index.php\/wp-json\/wp\/v2\/posts"}],"about":[{"href":"https:\/\/biblioclo.com\/index.php\/wp-json\/wp\/v2\/types\/post"}],"author":[{"embeddable":true,"href":"https:\/\/biblioclo.com\/index.php\/wp-json\/wp\/v2\/users\/3"}],"replies":[{"embeddable":true,"href":"https:\/\/biblioclo.com\/index.php\/wp-json\/wp\/v2\/comments?post=22941"}],"version-history":[{"count":3,"href":"https:\/\/biblioclo.com\/index.php\/wp-json\/wp\/v2\/posts\/22941\/revisions"}],"predecessor-version":[{"id":22946,"href":"https:\/\/biblioclo.com\/index.php\/wp-json\/wp\/v2\/posts\/22941\/revisions\/22946"}],"wp:featuredmedia":[{"embeddable":true,"href":"https:\/\/biblioclo.com\/index.php\/wp-json\/wp\/v2\/media\/22943"}],"wp:attachment":[{"href":"https:\/\/biblioclo.com\/index.php\/wp-json\/wp\/v2\/media?parent=22941"}],"wp:term":[{"taxonomy":"category","embeddable":true,"href":"https:\/\/biblioclo.com\/index.php\/wp-json\/wp\/v2\/categories?post=22941"},{"taxonomy":"post_tag","embeddable":true,"href":"https:\/\/biblioclo.com\/index.php\/wp-json\/wp\/v2\/tags?post=22941"}],"curies":[{"name":"wp","href":"https:\/\/api.w.org\/{rel}","templated":true}]}}