{"id":22989,"date":"2026-01-25T10:17:59","date_gmt":"2026-01-25T10:17:59","guid":{"rendered":"https:\/\/biblioclo.com\/?p=22989"},"modified":"2026-01-25T10:18:01","modified_gmt":"2026-01-25T10:18:01","slug":"la-porte-dabaddon","status":"publish","type":"post","link":"https:\/\/biblioclo.com\/index.php\/2026\/01\/25\/la-porte-dabaddon\/","title":{"rendered":"La porte d&rsquo;Abaddon"},"content":{"rendered":"\n<p style=\"text-align: center;\"><span style=\"color: #003300;\"><strong><span style=\"font-family: arial, helvetica, sans-serif;\"><span style=\"font-size: 14pt;\">Commentaire sur le livre de<br \/><\/span><span style=\"font-size: 14pt;\">MATHIEU BERTRAND<\/span><\/span><\/strong><\/span><\/p>\n<p style=\"text-align: center;\"><img loading=\"lazy\" decoding=\"async\" class=\"alignnone size-full wp-image-22991\" src=\"http:\/\/biblioclo.com\/wp-content\/uploads\/2025\/12\/la-porte-dAbadon-1.jpg\" alt=\"\" width=\"400\" height=\"607\" srcset=\"https:\/\/biblioclo.com\/wp-content\/uploads\/2025\/12\/la-porte-dAbadon-1.jpg 400w, https:\/\/biblioclo.com\/wp-content\/uploads\/2025\/12\/la-porte-dAbadon-1-198x300.jpg 198w\" sizes=\"auto, (max-width: 400px) 100vw, 400px\" \/><\/p>\n<p><strong><em>*-En premier lieu, ce ne sont pas des prisonniers classiques mais des hommes qui vont \u00eatre transform\u00e9s en \u00e2mes damn\u00e9es pour permettre \u00e0 un d\u00e9mon de venir sur terre et en second lieu, nous devons capturer Bune vivant pour qu\u2019il nous permette de mettre la main sur deux choses\u00a0: un grimoire et, surtout, la position exacte de la porte noire pour que nous la d\u00e9truisions. *<\/em><\/strong><\/p>\n<p>Extrait\u00a0: LA PORTE D\u2019ABBADON, de Mathieu Bertrand. Format num\u00e9rique et \u00e9dition de papier\u00a0: M+ \u00e9diteur, 2021-2022, Version audio\u00a0: Saga Egmont \u00e9diteur, 2022. Dur\u00e9 d\u2019\u00e9coute, 8 heures 7 minutes., narrateur\u00a0: Bastien Nicola\u00ef.<\/p>\n<p style=\"text-align: center;\"><img loading=\"lazy\" decoding=\"async\" class=\"alignnone  wp-image-22992\" src=\"http:\/\/biblioclo.com\/wp-content\/uploads\/2025\/12\/la-porte-dAbadon-2.jpg\" alt=\"\" width=\"520\" height=\"790\" \/><br \/><br \/><span style=\"color: #003300;\"><strong><span style=\"font-size: 18pt;\">Un thriller \u00e9sot\u00e9rique oppressant<\/span><\/strong><\/span><\/p>\n<p style=\"text-align: center;\"><img loading=\"lazy\" decoding=\"async\" class=\"alignnone  wp-image-22923\" src=\"http:\/\/biblioclo.com\/wp-content\/uploads\/2025\/12\/audio-1.jpg\" alt=\"\" width=\"110\" height=\"110\" srcset=\"https:\/\/biblioclo.com\/wp-content\/uploads\/2025\/12\/audio-1.jpg 252w, https:\/\/biblioclo.com\/wp-content\/uploads\/2025\/12\/audio-1-150x150.jpg 150w\" sizes=\"auto, (max-width: 110px) 100vw, 110px\" \/> <img loading=\"lazy\" decoding=\"async\" class=\"alignnone  wp-image-22921\" src=\"http:\/\/biblioclo.com\/wp-content\/uploads\/2025\/12\/audio-5.jpg\" alt=\"\" width=\"125\" height=\"99\" \/> <img loading=\"lazy\" decoding=\"async\" class=\"alignnone  wp-image-22922\" src=\"http:\/\/biblioclo.com\/wp-content\/uploads\/2025\/12\/audio-n.png\" alt=\"\" width=\"97\" height=\"97\" srcset=\"https:\/\/biblioclo.com\/wp-content\/uploads\/2025\/12\/audio-n.png 640w, https:\/\/biblioclo.com\/wp-content\/uploads\/2025\/12\/audio-n-300x300.png 300w, https:\/\/biblioclo.com\/wp-content\/uploads\/2025\/12\/audio-n-150x150.png 150w\" sizes=\"auto, (max-width: 97px) 100vw, 97px\" \/><\/p>\n<p><span style=\"font-size: 12pt;\">Deux histoires compl\u00e8tement diff\u00e9rentes entrent en conjonction pour offrir aux lecteurs\/lectrices un m\u00e9lange de thriller policier, activit\u00e9s paranormales, sorcellerie et m\u00eame possession. D\u2019une part, au d\u00e9but du XVIe si\u00e8cle, en France, Le capitaine Philippe d\u2019Alesani a pour mission de d\u00e9barrasser le pays des sorci\u00e8res qui \u00e9chappent toujours \u00e0 l\u2019inquisition. Un sorcier appel\u00e9 Bune tente d\u2019ouvrir la porte d\u2019Abaddon, l\u2019Ange exterminateur d\u00e9sign\u00e9 dans l\u2019Apocalypse.<\/span><\/p>\n<p><span style=\"font-size: 12pt;\">Bune sera tu\u00e9 avant d\u2019avoir d\u00e9voiler l\u2019emplacement de la porte. D\u2019autre part, cinq cent ans plus tard, une offici\u00e8re de la gendarmerie affect\u00e9e aux ph\u00e9nom\u00e8nes inexpliqu\u00e9s, Patricia Lagazzi, enqu\u00eate dans les <a href=\"https:\/\/fr.wikipedia.org\/wiki\/Landes_(d%C3%A9partement)\">landes<\/a> sur de nombreuses disparitions tr\u00e8s \u00e9tranges.<\/span><\/p>\n<p><span style=\"font-size: 12pt;\">L\u2019auteur frappe fort d\u00e8s le d\u00e9part en racontant comment Isabelle et son fils Franck doivent affronter quotidiennement le mari et p\u00e8re, un alcoolique extr\u00eamement violent, sans conscience, empathie ou scrupule. Une erreur de la nature\u2026 Frank songe s\u00e9rieusement \u00e0 assassiner ce monstre au moment o\u00f9 les disparitions se multiplient dans les landes.<\/span><\/p>\n<p><span style=\"font-size: 12pt;\"><strong><em>*\u00abIl est violent, con, m\u00e9chant, mais en plus, il est d\u00e9gueulasse\u00bb, songe le jeune homme avant de se retourner de nouveau vers la table de nuit en r\u00e9alisant que le rejet de son p\u00e8re, un peu plus chaque jour, transpirait par tous les pores de sa peau. * <\/em><\/strong><\/span><\/p>\n<p><span style=\"font-size: 12pt;\">Entre temps, Patricia prend conscience du retour du sorcier Bune et r\u00e9alise que la porte d\u2019Abaddon fait peser un danger r\u00e9el sur le monde entier. L\u2019assassinat du p\u00e8re sonne le d\u00e9part d\u2019une course contre la montre.<\/span><\/p>\n<p><span style=\"font-size: 12pt;\">LA PORTE D\u2019ABADDON est donc un thriller fantastique \u00e0 saveur \u00e9sot\u00e9rique et il est efficace. C\u2019est le moins que je puisse dire. Une histoire de sorcellerie, servie \u00e0 la moderne, avec de la cr\u00e9dibilit\u00e9. C\u2019est aussi un roman d\u2019atmosph\u00e8re oppressante et angoissante. L\u2019ambiance y est glauque et tout \u00e0 fait ajust\u00e9e au th\u00e8me d\u00e9velopp\u00e9.<\/span><\/p>\n<p><span style=\"font-size: 12pt;\">C\u2019est un roman tr\u00e8s noir, violent mais ficel\u00e9 avec pr\u00e9cision. L\u2019auteur y r\u00e9actualise le th\u00e8me de l\u2019exorcisme en le d\u00e9poussi\u00e9rant et en le rendant plus cr\u00e9dible, et ce faisant, plus angoissant, plus stressant.<\/span><\/p>\n<p><span style=\"font-size: 12pt;\"><strong><em>*Pour commencer, \u00f4tez-vous de la t\u00eate les images des films, notamment <\/em><\/strong><a href=\"https:\/\/www.cinoche.com\/films\/l-exorciste\"><strong><em>L\u2019EXORCISTE<\/em><\/strong><\/a><strong><em>\u2026 ce n\u2019est jamais aussi violent m\u00eame si certaines choses vont n\u00e9anmoins vous \u00e9tonner. -Comme quoi ? questionna Eva, -Comme se mettre \u00e0 parler une langue qu\u2019il n\u2019a jamais apprise ou vous attaquer verbalement de fa\u00e7on extr\u00eamement m\u00e9chante. *\u00a0 <\/em><\/strong>(Extrait)<\/span><\/p>\n<p><span style=\"font-size: 12pt;\">Ce livre est un m\u00e9lange de genres mais j\u2019ai beaucoup appr\u00e9ci\u00e9 la fa\u00e7on dont l\u2019auteur d\u00e9marque le fantastique tout en gardant l\u2019accent sur le thriller policier, ce qui n\u2019est pas sans me rappeler <a href=\"https:\/\/en-m-wikipedia-org.translate.goog\/wiki\/Edgar_Allan_Poe?_x_tr_sl=en&amp;_x_tr_tl=fr&amp;_x_tr_hl=fr&amp;_x_tr_pto=sc\">Edgar Allan Poe<\/a>. Ceux et celles qui me connaissent bien comprendront alors l\u2019opinion tr\u00e8s favorable que je porte sur LA PORTE D\u2019ABADDON.<\/span><\/p>\n<p><span style=\"font-size: 12pt;\">Ma seule d\u00e9ception sur ce livre est sa finale qui est pour moi \u00e0 la limite de l\u2019insignifiance. \u00c0 moins que l\u2019auteur ait imagin\u00e9 un obscur lien avec la logique du texte, ce qui n\u2019est pas impossible mais que je n\u2019ai vraiment pas ressenti, \u00e7a sent le remplissage, un happy ending qui sonne faux.<\/span><\/p>\n<p><span style=\"font-size: 12pt;\">Sinon, l\u2019ensemble est fluide, \u00e7a se lit bien et c\u2019est tr\u00e8s captivant.<\/span><\/p>\n<p><span style=\"font-size: 12pt;\">Suggestion de lecture : <a href=\"https:\/\/biblioclo.com\/index.php\/2018\/05\/27\/histoires-extraordinaires\/\">HISTOIRES EXTRAORDINAIRES<\/a>, recueil d&rsquo;Edgar Allan Poe<\/span><\/p>\n<p style=\"text-align: center;\"><img loading=\"lazy\" decoding=\"async\" class=\"alignnone  wp-image-22993\" src=\"http:\/\/biblioclo.com\/wp-content\/uploads\/2025\/12\/la-porte-dAbadon-3.jpg\" alt=\"\" width=\"512\" height=\"555\" srcset=\"https:\/\/biblioclo.com\/wp-content\/uploads\/2025\/12\/la-porte-dAbadon-3.jpg 992w, https:\/\/biblioclo.com\/wp-content\/uploads\/2025\/12\/la-porte-dAbadon-3-276x300.jpg 276w\" sizes=\"auto, (max-width: 512px) 100vw, 512px\" \/><br \/>L\u2019auteur <a href=\"https:\/\/booknode.com\/auteur\/mathieu-bertrand\">Mathieu Bertrand<\/a> et quelques-uns de ses livres<\/p>\n<p><span style=\"font-family: arial, helvetica, sans-serif; font-size: 14pt;\">Bonne lecture<\/span><br \/><span style=\"font-family: arial, helvetica, sans-serif; font-size: 14pt;\">Bonne \u00e9coute<\/span><br \/><span style=\"font-family: arial, helvetica, sans-serif; font-size: 14pt;\">Claude Lambert<\/span><br \/><span style=\"font-family: arial, helvetica, sans-serif; font-size: 14pt;\">le dimanche 25 janvier 2026<\/span><\/p>\n<p style=\"text-align: center;\">\u00a0<\/p>\n","protected":false},"excerpt":{"rendered":"<p>Deux histoires diff\u00e9rentes entrent en conjonction pour offrir aux lecteurs lectrices un m\u00e9lange de thriller policier, activit\u00e9s paranormales, sorcellerie et m\u00eame possession. LA PORTE D&rsquo;ABADDON <a href=\"https:\/\/biblioclo.com\/index.php\/2026\/01\/25\/la-porte-dabaddon\/\">Continuer la lecture <span class=\"meta-nav\"> \u00bb<\/span><\/a><\/p>\n<div class='heateorSssClear'><\/div><div style=\"float:right\" class='heateor_sss_sharing_container heateor_sss_horizontal_sharing' data-heateor-sss-href='https:\/\/biblioclo.com\/index.php\/2026\/01\/25\/la-porte-dabaddon\/'><div class='heateor_sss_sharing_title' style=\"font-weight:bold\" ><\/div><div class=\"heateor_sss_sharing_ul\"><a style=\"padding:7.35px 0 !important\" class=\"heateor_sss_facebook_share\"><div class=\"fb-share-button\" data-href=\"https:\/\/biblioclo.com\/index.php\/2026\/01\/25\/la-porte-dabaddon\/\" data-layout=\"button\"><\/div><\/a><\/div><div class=\"heateorSssClear\"><\/div><\/div><div class='heateorSssClear'><\/div>","protected":false},"author":3,"featured_media":22991,"comment_status":"open","ping_status":"open","sticky":false,"template":"","format":"standard","meta":{"footnotes":""},"categories":[4,5],"tags":[96,128,488,661,698,3053,1361,1627,1672,1743],"class_list":["post-22989","post","type-post","status-publish","format-standard","has-post-thumbnail","hentry","category-compterendus","category-critiques","tag-angoisse","tag-assassinat","tag-disparition","tag-exorcisme","tag-fantastique","tag-monde-en-danger","tag-possession","tag-sorcellerie","tag-surnaturel","tag-thriller"],"_links":{"self":[{"href":"https:\/\/biblioclo.com\/index.php\/wp-json\/wp\/v2\/posts\/22989","targetHints":{"allow":["GET"]}}],"collection":[{"href":"https:\/\/biblioclo.com\/index.php\/wp-json\/wp\/v2\/posts"}],"about":[{"href":"https:\/\/biblioclo.com\/index.php\/wp-json\/wp\/v2\/types\/post"}],"author":[{"embeddable":true,"href":"https:\/\/biblioclo.com\/index.php\/wp-json\/wp\/v2\/users\/3"}],"replies":[{"embeddable":true,"href":"https:\/\/biblioclo.com\/index.php\/wp-json\/wp\/v2\/comments?post=22989"}],"version-history":[{"count":12,"href":"https:\/\/biblioclo.com\/index.php\/wp-json\/wp\/v2\/posts\/22989\/revisions"}],"predecessor-version":[{"id":23006,"href":"https:\/\/biblioclo.com\/index.php\/wp-json\/wp\/v2\/posts\/22989\/revisions\/23006"}],"wp:featuredmedia":[{"embeddable":true,"href":"https:\/\/biblioclo.com\/index.php\/wp-json\/wp\/v2\/media\/22991"}],"wp:attachment":[{"href":"https:\/\/biblioclo.com\/index.php\/wp-json\/wp\/v2\/media?parent=22989"}],"wp:term":[{"taxonomy":"category","embeddable":true,"href":"https:\/\/biblioclo.com\/index.php\/wp-json\/wp\/v2\/categories?post=22989"},{"taxonomy":"post_tag","embeddable":true,"href":"https:\/\/biblioclo.com\/index.php\/wp-json\/wp\/v2\/tags?post=22989"}],"curies":[{"name":"wp","href":"https:\/\/api.w.org\/{rel}","templated":true}]}}