{"id":23153,"date":"2026-03-02T10:34:30","date_gmt":"2026-03-02T10:34:30","guid":{"rendered":"https:\/\/biblioclo.com\/?p=23153"},"modified":"2026-03-02T10:34:32","modified_gmt":"2026-03-02T10:34:32","slug":"la-liste","status":"publish","type":"post","link":"https:\/\/biblioclo.com\/index.php\/2026\/03\/02\/la-liste\/","title":{"rendered":"La liste"},"content":{"rendered":"\n<p style=\"text-align: center;\"><span style=\"color: #003366;\"><span style=\"font-size: 14pt;\">Commentaire sur le livre de<br \/><\/span>FLORIAN DENNISSON<\/span><\/p>\n<p><em><strong>*\u00ab\u00a0-Je les ai tous tu\u00e9s !<\/strong><strong> \u2026 Le brigadier de garde avait hauss\u00e9 des sourcils broussailleux et avait instinctivement effleur\u00e9 de la paume son arme de service. L\u2019inconnu s\u2019enfon\u00e7a lentement dans la pi\u00e8ce et, \u00e0 chaque pas, le gendarme serrait un peu plus la crosse de son Sig Sauer. Les yeux du visiteur \u00e9taient inject\u00e9s de sang\u2026 *\u00a0<\/strong><\/em><\/p>\n<p>Extrait\u00a0: LA LISTE, de Florian Dennisson. \u00c9dition de papier, publication ind\u00e9pendante 2022, 386 pages. \u00c9dition num\u00e9rique\u00a0: Chambre noire \u00e9diteur, 2019, 388 pages. Version audio\u00a0: Samarkand \u00e9diteur, 2021, dur\u00e9e d\u2019\u00e9coute\u00a0: 7 heures 35 minutes. Narrateur\u00a0: Fr\u00e9d\u00e9ric Kneip.<\/p>\n<p style=\"text-align: center;\"><img loading=\"lazy\" decoding=\"async\" class=\"alignnone  wp-image-23155\" src=\"http:\/\/biblioclo.com\/wp-content\/uploads\/2026\/02\/la-liste-dennisson-2.jpg\" alt=\"\" width=\"392\" height=\"582\" \/><\/p>\n<p style=\"text-align: center;\"><span style=\"font-size: 18pt; background-color: #ff0000;\"><strong>Quatre assassinats inscrits<\/strong><\/span><\/p>\n<p style=\"text-align: center;\"><img loading=\"lazy\" decoding=\"async\" class=\"alignnone  wp-image-23154\" src=\"http:\/\/biblioclo.com\/wp-content\/uploads\/2026\/02\/la-liste-dennisson-1.jpg\" alt=\"\" width=\"258\" height=\"380\" \/><\/p>\n<p style=\"text-align: center;\"><img loading=\"lazy\" decoding=\"async\" class=\"alignnone  wp-image-23126\" src=\"http:\/\/biblioclo.com\/wp-content\/uploads\/2026\/01\/audio-8.jpg\" alt=\"\" width=\"94\" height=\"94\" srcset=\"https:\/\/biblioclo.com\/wp-content\/uploads\/2026\/01\/audio-8.jpg 400w, https:\/\/biblioclo.com\/wp-content\/uploads\/2026\/01\/audio-8-300x300.jpg 300w, https:\/\/biblioclo.com\/wp-content\/uploads\/2026\/01\/audio-8-150x150.jpg 150w\" sizes=\"auto, (max-width: 94px) 100vw, 94px\" \/> <img loading=\"lazy\" decoding=\"async\" class=\"alignnone  wp-image-23110\" src=\"http:\/\/biblioclo.com\/wp-content\/uploads\/2026\/01\/image.png\" alt=\"\" width=\"122\" height=\"88\" srcset=\"https:\/\/biblioclo.com\/wp-content\/uploads\/2026\/01\/image.png 306w, https:\/\/biblioclo.com\/wp-content\/uploads\/2026\/01\/image-300x213.png 300w\" sizes=\"auto, (max-width: 122px) 100vw, 122px\" \/> <img loading=\"lazy\" decoding=\"async\" class=\"alignnone  wp-image-23125\" src=\"http:\/\/biblioclo.com\/wp-content\/uploads\/2026\/01\/audio-7.png\" alt=\"\" width=\"94\" height=\"94\" srcset=\"https:\/\/biblioclo.com\/wp-content\/uploads\/2026\/01\/audio-7.png 512w, https:\/\/biblioclo.com\/wp-content\/uploads\/2026\/01\/audio-7-300x300.png 300w, https:\/\/biblioclo.com\/wp-content\/uploads\/2026\/01\/audio-7-150x150.png 150w\" sizes=\"auto, (max-width: 94px) 100vw, 94px\" \/><\/p>\n<p><span style=\"font-size: 12pt;\">J\u2019ai constat\u00e9 que les avis sont tr\u00e8s partag\u00e9s sur ce roman de Florian Dennisson. Moi j\u2019ai bien aim\u00e9. Du m\u00eame auteur, j\u2019avais lu TELESKI QUI CROYAIT PRENDRE en 2021 et c\u2019\u00e9tait pour moi un beau moment de lecture.<\/span><\/p>\n<p><span style=\"font-size: 12pt;\">L\u2019id\u00e9e de base est simple, mais fortement \u00e9nigmatique. Un homme se pr\u00e9sente \u00e0 la brigade criminelle avec en main\u2026une liste de quatre noms et en bouche, une petite phrase qui a de quoi saisir\u00a0: <strong><em>*Je les ai tous tu\u00e9s* <\/em><\/strong>(Extrait) impossible d\u2019en savoir plus sur ce bonhomme. Il refuse de parler. Les victimes sont introuvables. Les policiers ont 24 heures pour \u00e9lucider ce myst\u00e8re avant de rel\u00e2cher cet homme comme l\u2019exige la loi.<\/span><\/p>\n<p><span style=\"font-size: 12pt;\">Si le th\u00e8me qui sous-tend TELESKI QUI CROYAIT PRENDRE est <a href=\"https:\/\/fr.wikipedia.org\/wiki\/Loi_de_Murphy\">*la loi de Murphy*<\/a> , le th\u00e8me qui sous-tend LA LISTE est tr\u00e8s diff\u00e9rent. Il s\u2019agit de la <a href=\"https:\/\/institutdesynergologie.com\/la-synergologie\/\">synergologie<\/a> qui interpr\u00e8te le fonctionnement de l\u2019esprit humain \u00e0 partir du langage corporel. Ce serait en fait une sorte de profilage instantan\u00e9.<\/span><\/p>\n<p><span style=\"font-size: 12pt;\">Le personnage principal du roman est Maxime Monceau*, synergologue, pass\u00e9 obscur, accro aux anxiolytiques, nerveux, intraverti, irritable mais d\u2019une efficacit\u00e9 redoutable et qui fera toute la diff\u00e9rence dans cette course contre la montre \u00e0 la finale tout fait surprenante.<\/span><\/p>\n<p><span style=\"font-size: 12pt;\">Le d\u00e9veloppement de ce roman est d\u2019une logique implacable qui a pour m\u00e9rite de justifier une finale que j\u2019ai trouv\u00e9e tout \u00e0 fait inattendue et m\u00eame cr\u00e9dible. C\u2019est un des aspects du r\u00e9cit qui fait balancer la critique. Pour moi c\u2019est clair, ce roman est parfaitement ficel\u00e9 et on sent qu\u2019il y a de la recherche.<\/span><\/p>\n<p><span style=\"font-size: 12pt;\">Il y a toutefois des irritants. La synergologie, encore consid\u00e9r\u00e9e comme une pseudo-science, est surexploit\u00e9e dans LA LISTE. Son utilisation est d\u00e9mesur\u00e9e et met dans l\u2019ombre les policiers en g\u00e9n\u00e9ral et les techniques polici\u00e8res conventionnelles en particulier. \u00c7a devient surr\u00e9aliste. C\u2019est trop.<\/span><\/p>\n<p><span style=\"font-size: 12pt;\">Ensuite, Monceau recueille un tas d\u2019indices qui le rattachent \u00e0 son pass\u00e9. Cette aspect du policier aux prises avec ses d\u00e9mons me lasse habituellement tr\u00e8s vite. J\u2019admets toutefois que, dans ce cas-ci, ces d\u00e9mons ont un lien avec l\u2019enqu\u00eate.<\/span><\/p>\n<p><span style=\"font-size: 12pt;\">Donc dans l\u2019ensemble, c\u2019est bien ficel\u00e9. L\u2019histoire est originale et ne pr\u00e9pare pas vraiment les lecteurs-lectrices \u00e0 une finale que j\u2019aurais qualifi\u00e9 au d\u00e9part d\u2019improbable. Beaucoup d\u2019\u00e9l\u00e9ments viennent rythmer le r\u00e9cit\u00a0: revirements, fausses pistes, des acteurs caract\u00e9riels et de l\u2019inattendu.<\/span><\/p>\n<p><span style=\"font-size: 12pt;\">Le synergologue Monceau* n\u2019est pas toujours facile \u00e0 suivre mais il est attachant, la fluidit\u00e9 de la plume aidant. \u00c0 mon avis, c\u2019est une autre r\u00e9ussite pour Florian Dennisson.<\/span><\/p>\n<p><span style=\"font-size: 12pt;\">Suggestion de lecture, du m\u00eame auteur\u00a0: <a href=\"https:\/\/jailu.mllambert.com\/2021\/12\/17\/teleski-qui-croyait-prendre-florian-dennisson\/\">TELESKI QUI CROYAIT PRENDRE<\/a><\/span><\/p>\n<p><span style=\"font-size: 12pt;\">*le personnage de Maxime Monceau a \u00e9t\u00e9 introduit dans le livre <a href=\"http:\/\/floriandennisson.com\/romans\/loubliee\/\">L\u2019OUBLI\u00c9E<\/a> de Florian Dennisson.<\/span><\/p>\n<p style=\"text-align: center;\"><img loading=\"lazy\" decoding=\"async\" class=\"alignnone  wp-image-23156\" src=\"http:\/\/biblioclo.com\/wp-content\/uploads\/2026\/02\/la-liste-dennisson-3.png\" alt=\"\" width=\"450\" height=\"450\" srcset=\"https:\/\/biblioclo.com\/wp-content\/uploads\/2026\/02\/la-liste-dennisson-3.png 720w, https:\/\/biblioclo.com\/wp-content\/uploads\/2026\/02\/la-liste-dennisson-3-300x300.png 300w, https:\/\/biblioclo.com\/wp-content\/uploads\/2026\/02\/la-liste-dennisson-3-150x150.png 150w\" sizes=\"auto, (max-width: 450px) 100vw, 450px\" \/><br \/><strong>L\u2019auteur <\/strong><a href=\"https:\/\/www.amazon.fr\/Florian-Dennisson\/e\/B01FY1DSO4%3Fref=dbs_a_mng_rwt_scns_share\"><strong>Florian Dennisson<\/strong><\/a><\/p>\n<p style=\"text-align: center;\"><span style=\"color: #003366;\"><strong>\u00a0<\/strong><\/span><strong><span style=\"color: #003366;\">DU M\u00caME AUTEUR<\/span><br \/><br \/><\/strong><img loading=\"lazy\" decoding=\"async\" class=\"alignnone  wp-image-23157\" src=\"http:\/\/biblioclo.com\/wp-content\/uploads\/2026\/02\/la-liste-dennisson-4.jpg\" alt=\"\" width=\"289\" height=\"408\" \/><br \/><br \/><\/p>\n<p><strong>Bonne lecture<br \/>bonne \u00e9coute<br \/>Claude Lambert<\/strong><br \/>le dimanche 1er mars 2026<\/p>\n","protected":false},"excerpt":{"rendered":"<p>Un homme se pr\u00e9sente \u00e0 la brigade criminelle avec en main\u2026une liste de quatre qu&rsquo;il pr\u00e9tend avoir tu\u00e9es. Il ne dit rien de plus. LA LISTE <a href=\"https:\/\/biblioclo.com\/index.php\/2026\/03\/02\/la-liste\/\">Continuer la lecture <span class=\"meta-nav\"> \u00bb<\/span><\/a><\/p>\n<div class='heateorSssClear'><\/div><div style=\"float:right\" class='heateor_sss_sharing_container heateor_sss_horizontal_sharing' data-heateor-sss-href='https:\/\/biblioclo.com\/index.php\/2026\/03\/02\/la-liste\/'><div class='heateor_sss_sharing_title' style=\"font-weight:bold\" ><\/div><div class=\"heateor_sss_sharing_ul\"><a style=\"padding:7.35px 0 !important\" class=\"heateor_sss_facebook_share\"><div class=\"fb-share-button\" data-href=\"https:\/\/biblioclo.com\/index.php\/2026\/03\/02\/la-liste\/\" data-layout=\"button\"><\/div><\/a><\/div><div class=\"heateorSssClear\"><\/div><\/div><div class='heateorSssClear'><\/div>","protected":false},"author":3,"featured_media":23154,"comment_status":"open","ping_status":"open","sticky":false,"template":"","format":"standard","meta":{"footnotes":""},"categories":[4,5],"tags":[3100,366,575,583,635,722,1117,3099,3098,3097],"class_list":["post-23153","post","type-post","status-publish","format-standard","has-post-thumbnail","hentry","category-compterendus","category-critiques","tag-affaire-mysterieuse","tag-course-contre-la-montre","tag-enigme","tag-enquete","tag-etrange","tag-folie","tag-meurtres","tag-personnages-caracteriels","tag-synergologie","tag-victimes-introuvables"],"_links":{"self":[{"href":"https:\/\/biblioclo.com\/index.php\/wp-json\/wp\/v2\/posts\/23153","targetHints":{"allow":["GET"]}}],"collection":[{"href":"https:\/\/biblioclo.com\/index.php\/wp-json\/wp\/v2\/posts"}],"about":[{"href":"https:\/\/biblioclo.com\/index.php\/wp-json\/wp\/v2\/types\/post"}],"author":[{"embeddable":true,"href":"https:\/\/biblioclo.com\/index.php\/wp-json\/wp\/v2\/users\/3"}],"replies":[{"embeddable":true,"href":"https:\/\/biblioclo.com\/index.php\/wp-json\/wp\/v2\/comments?post=23153"}],"version-history":[{"count":4,"href":"https:\/\/biblioclo.com\/index.php\/wp-json\/wp\/v2\/posts\/23153\/revisions"}],"predecessor-version":[{"id":23161,"href":"https:\/\/biblioclo.com\/index.php\/wp-json\/wp\/v2\/posts\/23153\/revisions\/23161"}],"wp:featuredmedia":[{"embeddable":true,"href":"https:\/\/biblioclo.com\/index.php\/wp-json\/wp\/v2\/media\/23154"}],"wp:attachment":[{"href":"https:\/\/biblioclo.com\/index.php\/wp-json\/wp\/v2\/media?parent=23153"}],"wp:term":[{"taxonomy":"category","embeddable":true,"href":"https:\/\/biblioclo.com\/index.php\/wp-json\/wp\/v2\/categories?post=23153"},{"taxonomy":"post_tag","embeddable":true,"href":"https:\/\/biblioclo.com\/index.php\/wp-json\/wp\/v2\/tags?post=23153"}],"curies":[{"name":"wp","href":"https:\/\/api.w.org\/{rel}","templated":true}]}}