{"id":23210,"date":"2026-03-15T08:57:32","date_gmt":"2026-03-15T08:57:32","guid":{"rendered":"https:\/\/biblioclo.com\/?p=23210"},"modified":"2026-03-31T13:24:43","modified_gmt":"2026-03-31T13:24:43","slug":"lucia-bernard-minier","status":"publish","type":"post","link":"https:\/\/biblioclo.com\/index.php\/2026\/03\/15\/lucia-bernard-minier\/","title":{"rendered":"LUCIA, Bernard Minier"},"content":{"rendered":"\n<p><strong><em>*- Avant, la plupart des assassinats et des crimes violents \u00e9taient faciles \u00e0 comprendre, dit-il. Mari jaloux, meurtre crapuleux ou crise de folie, les mobiles \u00e9taient toujours les m\u00eames. Aujourd&rsquo;hui, les choses ont chang\u00e9. Violences gratuites, r\u00e8glements de comptes, crimes sexuels, menaces de mort sur les r\u00e9seaux sociaux : la violence est partout. Y compris dans nombre de nos actes, de nos paroles et des spectacles que nous regardons quotidiennement. *<\/em><\/strong><\/p>\n<p>Extrait\u00a0: LUCIA, de Bernard Minier. \u00c9dition de papier\u00a0: Pocket \u00e9diteur, 2023, 512 pages. Format num\u00e9rique\u00a0: XO \u00e9diteur, 2022, 3914 kb. Version audio\u00a0: Lizzie \u00e9diteur. Dur\u00e9e d\u2019\u00e9coute\u00a0: 11 heures 45 minutes. Narratrice\u00a0: Alice Taurrand.<\/p>\n<p style=\"text-align: center;\"><img loading=\"lazy\" decoding=\"async\" class=\"alignnone  wp-image-23212\" src=\"http:\/\/biblioclo.com\/wp-content\/uploads\/2026\/03\/lucia-1.jpg\" alt=\"\" width=\"218\" height=\"312\" \/> <img loading=\"lazy\" decoding=\"async\" class=\"alignnone  wp-image-23216\" src=\"http:\/\/biblioclo.com\/wp-content\/uploads\/2026\/03\/lucia-5.jpg\" alt=\"\" width=\"194\" height=\"310\" \/><br \/><br \/><\/p>\n<p style=\"text-align: center;\"><span style=\"color: #008080;\"><strong><span style=\"font-size: 18pt;\">Le malaise qui ne l\u00e2che pas<\/span><\/strong><\/span><\/p>\n<p style=\"text-align: center;\"><img loading=\"lazy\" decoding=\"async\" class=\"alignnone  wp-image-23172\" src=\"http:\/\/biblioclo.com\/wp-content\/uploads\/2026\/02\/audio-n.png\" alt=\"\" width=\"77\" height=\"77\" srcset=\"https:\/\/biblioclo.com\/wp-content\/uploads\/2026\/02\/audio-n.png 640w, https:\/\/biblioclo.com\/wp-content\/uploads\/2026\/02\/audio-n-300x300.png 300w, https:\/\/biblioclo.com\/wp-content\/uploads\/2026\/02\/audio-n-150x150.png 150w\" sizes=\"auto, (max-width: 77px) 100vw, 77px\" \/> <img loading=\"lazy\" decoding=\"async\" class=\"alignnone  wp-image-23173\" src=\"http:\/\/biblioclo.com\/wp-content\/uploads\/2026\/02\/audio.jpg\" alt=\"\" width=\"83\" height=\"83\" srcset=\"https:\/\/biblioclo.com\/wp-content\/uploads\/2026\/02\/audio.jpg 252w, https:\/\/biblioclo.com\/wp-content\/uploads\/2026\/02\/audio-150x150.jpg 150w\" sizes=\"auto, (max-width: 83px) 100vw, 83px\" \/> <img loading=\"lazy\" decoding=\"async\" class=\"alignnone  wp-image-23171\" src=\"http:\/\/biblioclo.com\/wp-content\/uploads\/2026\/02\/audio-5.jpg\" alt=\"\" width=\"86\" height=\"67\" srcset=\"https:\/\/biblioclo.com\/wp-content\/uploads\/2026\/02\/audio-5.jpg 900w, https:\/\/biblioclo.com\/wp-content\/uploads\/2026\/02\/audio-5-300x233.jpg 300w, https:\/\/biblioclo.com\/wp-content\/uploads\/2026\/02\/audio-5-768x597.jpg 768w, https:\/\/biblioclo.com\/wp-content\/uploads\/2026\/02\/audio-5-386x300.jpg 386w\" sizes=\"auto, (max-width: 86px) 100vw, 86px\" \/><\/p>\n<p style=\"text-align: center;\"><img loading=\"lazy\" decoding=\"async\" class=\"alignnone  wp-image-23213\" src=\"http:\/\/biblioclo.com\/wp-content\/uploads\/2026\/03\/lucia-2.jpg\" alt=\"\" width=\"452\" height=\"600\" \/><\/p>\n<p><span style=\"font-size: 12pt;\">Bernard Minier introduit, dans sa galerie de personnages, une nouvelle actrice, appel\u00e9e \u00e0 devenir r\u00e9currente dans la production future de l\u2019auteur. Il s\u2019agit de l\u2019enqu\u00eatrice Lucia Guerrero. C\u2019est une femme chaotique, rebelle, continuellement rattrap\u00e9 par son pass\u00e9 instable et qui utilise des m\u00e9thodes d\u2019enqu\u00eate aux limites de l\u2019\u00e9thique.<\/span><\/p>\n<p><span style=\"font-size: 12pt;\">Premi\u00e8re d\u00e9ception\u00a0: l\u2019h\u00e9ro\u00efne. Lucia a un caract\u00e8re bien tremp\u00e9, ce qui me plait mais il n\u2019y a rien de plus classique en litt\u00e9rature polici\u00e8re qu\u2019un policier caract\u00e9riel rattrap\u00e9 par son pass\u00e9 tortueux. Pas d\u2019originalit\u00e9 de ce c\u00f4t\u00e9.<\/span><\/p>\n<p><span style=\"font-size: 12pt;\">Ensuite, dans LUCIA, le meurtrier s\u2019inspire des <a href=\"https:\/\/fr.wikipedia.org\/wiki\/M%C3%A9tamorphoses_(Ovide)\">M\u00c9TAMORPHOSES<\/a> du fameux po\u00e8te latin <a href=\"https:\/\/fr.wikipedia.org\/wiki\/Ovide\">Ovide<\/a> (43 av. J.-C.-18 ap. J.-C.) pour mettre en sc\u00e8ne ses crimes et en d\u00e9ployer toute l\u2019atrocit\u00e9. Je ne me suis pas impos\u00e9 l\u2019\u0153uvre d\u2019Ovide. LES M\u00c9TAMORPHOSES sont compos\u00e9es de 15 livres totalisant 12,000 vers. C\u2019est assez lourd. Je veux surtout dire que l\u2019id\u00e9e de cr\u00e9er un meurtrier s\u2019inspirant des classiques est loin d\u2019\u00eatre nouvelle en litt\u00e9rature polici\u00e8re. Encore l\u00e0, rien de bien neuf ou d\u2019original.<\/span><\/p>\n<p><span style=\"font-size: 12pt;\">Le roman d\u00e9marre sur des chapeaux de roues alors qu\u2019un coll\u00e8gue de Lucia est d\u00e9couvert, crucifi\u00e9 et maintenu \u00e0 son poteau par une colle tr\u00e8s forte. Premi\u00e8re mise en sc\u00e8ne macabre\u2026d\u2019autres suivront. Ce meurtre pour le moins singulier fait l\u2019objet d\u2019une enqu\u00eate pouss\u00e9e qui nous permet d\u2019appr\u00e9cier Lucia dans toute la force de son caract\u00e8re et beaucoup d\u2019\u00e9l\u00e9ments permettent de croire \u00e0 un r\u00e9cit prometteur.<\/span><\/p>\n<p><span style=\"font-size: 12pt;\">Toutefois, un peu avant le milieu de l\u2019histoire, \u00e7a devient plus difficile \u00e0 suivre. Le fil conducteur prend toutes sortes de directions. Le r\u00e9cit devient lourd avec une tendance au remplissage. Je vais de d\u00e9ception en d\u00e9senchantement jusqu\u2019\u00e0 la finale que j\u2019ai trouv\u00e9e d\u2019une inimaginable banalit\u00e9.<\/span><\/p>\n<p><span style=\"font-size: 12pt;\">Si on porte attention, on observe des retournements de situation, un certain rythme, de l\u2019intrigue et je sens que dans l\u2019exploitation du personnage principal, le meilleur est \u00e0 venir. Faudra-t-il \u00eatre tr\u00e8s patient ?<\/span><\/p>\n<p><span style=\"font-size: 12pt;\">Je note enfin que l\u2019environnement de l\u2019histoire est int\u00e9ressant. Ayant pour cadre l\u2019Espagne, cette histoire se d\u00e9roule dans les coulisses de l&rsquo;Unit\u00e9 Centrale des Op\u00e9rations de la Guardia civile Espagnole \u00e0 Madrid. \u00c7a donne au r\u00e9cit une certaine couleur, voire une chaleur.<\/span><\/p>\n<p><span style=\"font-size: 12pt;\">Certains passages sont oppressants. LUCIA reste, malgr\u00e9 les longueurs et redondances, un thriller dur par moments. Sa principale force est l\u2019atmosph\u00e8re qui s\u2019en d\u00e9gage, issue de l\u00e9gendes \u00e9tranges, de traditions baroques et bien s\u00fbr des M\u00c9TAMORPHOSES qui viennent alimenter la cruaut\u00e9 d\u2019un esprit d\u00e9g\u00e9n\u00e9r\u00e9. Dommage que la finale soit aussi simpliste. Le roman aurait gagn\u00e9 beaucoup de points.<\/span><\/p>\n<p>Suggestion de lecture : <a href=\"https:\/\/biblioclo.com\/index.php\/2023\/01\/14\/charade-le-livre-de-laurent-loison\/\">CHARADE<\/a>, de Laurent Loison<\/p>\n<p style=\"text-align: center;\"><img loading=\"lazy\" decoding=\"async\" class=\"alignnone  wp-image-23214\" src=\"http:\/\/biblioclo.com\/wp-content\/uploads\/2026\/03\/lucia-3.jpg\" alt=\"\" width=\"557\" height=\"297\" \/><br \/>L\u2019auteur <a href=\"https:\/\/polar.zonelivre.fr\/bernard-minier-biographie-et-bibliographie\/\">Bernard Minier<\/a><\/p>\n<p style=\"text-align: center;\"><span style=\"font-size: 14pt; color: #008080;\">D\u2019autres livres<\/span><\/p>\n<p style=\"text-align: center;\"><img loading=\"lazy\" decoding=\"async\" class=\"alignnone  wp-image-23215\" src=\"http:\/\/biblioclo.com\/wp-content\/uploads\/2026\/03\/lucia-4.jpg\" alt=\"\" width=\"589\" height=\"190\" \/><\/p>\n<p><span style=\"font-size: 12pt;\"><strong>Bonne lecture<br \/>Bonne \u00e9coute<\/strong><\/span><br \/><strong><span style=\"font-size: 12pt;\">Claude Lambert<\/span><\/strong><\/p>\n<p><strong><span style=\"font-size: 12pt;\">Le dimanche 15 mars 2026<\/span><\/strong><\/p>\n","protected":false},"excerpt":{"rendered":"<p>Un meurtrier s\u2019inspire des M\u00c9TAMORPHOSES du fameux po\u00e8te latin Ovide (43 av. J.-C.-18 ap. J.-C.) pour mettre en sc\u00e8ne ses crimes et en d\u00e9ployer toute l\u2019atrocit\u00e9. LUCIA <a href=\"https:\/\/biblioclo.com\/index.php\/2026\/03\/15\/lucia-bernard-minier\/\">Continuer la lecture <span class=\"meta-nav\"> \u00bb<\/span><\/a><\/p>\n<div class='heateorSssClear'><\/div><div style=\"float:right\" class='heateor_sss_sharing_container heateor_sss_horizontal_sharing' data-heateor-sss-href='https:\/\/biblioclo.com\/index.php\/2026\/03\/15\/lucia-bernard-minier\/'><div class='heateor_sss_sharing_title' style=\"font-weight:bold\" ><\/div><div class=\"heateor_sss_sharing_ul\"><a style=\"padding:7.35px 0 !important\" class=\"heateor_sss_facebook_share\"><div class=\"fb-share-button\" data-href=\"https:\/\/biblioclo.com\/index.php\/2026\/03\/15\/lucia-bernard-minier\/\" data-layout=\"button\"><\/div><\/a><\/div><div class=\"heateorSssClear\"><\/div><\/div><div class='heateorSssClear'><\/div>","protected":false},"author":3,"featured_media":23212,"comment_status":"open","ping_status":"open","sticky":false,"template":"","format":"standard","meta":{"footnotes":""},"categories":[4,5],"tags":[96,3123,583,3124,900,3122,1117,1725],"class_list":["post-23210","post","type-post","status-publish","format-standard","has-post-thumbnail","hentry","category-compterendus","category-critiques","tag-angoisse","tag-cadre-espagnol","tag-enquete","tag-esprit-degenere","tag-intrigue","tag-metamorphoses-dovide","tag-meurtres","tag-terreur"],"_links":{"self":[{"href":"https:\/\/biblioclo.com\/index.php\/wp-json\/wp\/v2\/posts\/23210","targetHints":{"allow":["GET"]}}],"collection":[{"href":"https:\/\/biblioclo.com\/index.php\/wp-json\/wp\/v2\/posts"}],"about":[{"href":"https:\/\/biblioclo.com\/index.php\/wp-json\/wp\/v2\/types\/post"}],"author":[{"embeddable":true,"href":"https:\/\/biblioclo.com\/index.php\/wp-json\/wp\/v2\/users\/3"}],"replies":[{"embeddable":true,"href":"https:\/\/biblioclo.com\/index.php\/wp-json\/wp\/v2\/comments?post=23210"}],"version-history":[{"count":6,"href":"https:\/\/biblioclo.com\/index.php\/wp-json\/wp\/v2\/posts\/23210\/revisions"}],"predecessor-version":[{"id":23228,"href":"https:\/\/biblioclo.com\/index.php\/wp-json\/wp\/v2\/posts\/23210\/revisions\/23228"}],"wp:featuredmedia":[{"embeddable":true,"href":"https:\/\/biblioclo.com\/index.php\/wp-json\/wp\/v2\/media\/23212"}],"wp:attachment":[{"href":"https:\/\/biblioclo.com\/index.php\/wp-json\/wp\/v2\/media?parent=23210"}],"wp:term":[{"taxonomy":"category","embeddable":true,"href":"https:\/\/biblioclo.com\/index.php\/wp-json\/wp\/v2\/categories?post=23210"},{"taxonomy":"post_tag","embeddable":true,"href":"https:\/\/biblioclo.com\/index.php\/wp-json\/wp\/v2\/tags?post=23210"}],"curies":[{"name":"wp","href":"https:\/\/api.w.org\/{rel}","templated":true}]}}