{"id":3240,"date":"2016-01-31T11:19:25","date_gmt":"2016-01-31T11:19:25","guid":{"rendered":"http:\/\/jailu.mllambert.com\/?p=3240"},"modified":"2023-03-19T10:47:15","modified_gmt":"2023-03-19T10:47:15","slug":"la-triple-vie-dadelaide","status":"publish","type":"post","link":"https:\/\/biblioclo.com\/index.php\/2016\/01\/31\/la-triple-vie-dadelaide\/","title":{"rendered":"CRIMES ET JEANS SLIM, livre de LUC BLANVILLAIN"},"content":{"rendered":"<p style=\"text-align: left;\" align=\"center\"><strong><em>*Ad\u00e9 avait aussi institu\u00e9 la dispute obligatoire.<br \/>\nC\u2019\u00e9tait le vendredi soir, quand les tensions de<br \/>\nla semaine s\u2019\u00e9taient accumul\u00e9es. Ils se<br \/>\ndonnaient une demi-heure pour se disputer \u00e0<br \/>\nmort.*<br \/>\n<\/em><\/strong>(Extrait\u00a0: CRIMES ET JEANS SLIM, Luc Blanvillain,<br \/>\nlibrairie g\u00e9n\u00e9ral fran\u00e7aise, 2013, 239 pages)<\/p>\n<p><img loading=\"lazy\" decoding=\"async\" class=\"wp-image-3244 size-medium alignleft\" style=\"border: 0px none;\" title=\"jeanslim1\" src=\"http:\/\/biblioclo.com\/wp-content\/uploads\/2015\/12\/jeanslim1-211x300.jpg\" alt=\"\" width=\"211\" height=\"300\" srcset=\"https:\/\/biblioclo.com\/wp-content\/uploads\/2015\/12\/jeanslim1-211x300.jpg 211w, https:\/\/biblioclo.com\/wp-content\/uploads\/2015\/12\/jeanslim1.jpg 600w\" sizes=\"auto, (max-width: 211px) 100vw, 211px\" \/><strong>CRIMES ET JEANS SLIM raconte l\u2019histoire d\u2019Ad\u00e9e, une adolescente de 15 ans qui, pour ne pas se faire remarquer des filles de son \u00e2ge au lyc\u00e9e, turbulentes et rebelles, d\u00e9cide de devenir la pire de toutes : elle devient fashion, m\u00e9chante, moqueuse et adopte le style \u00e9clat\u00e9 de ses camarades, \u00e9vitant ainsi leurs moqueries et leurs brusqueries. \u00c7a fonctionne jusqu\u2019au jour o\u00f9 un tueur en s\u00e9rie se pointe dans le d\u00e9cor cherchant justement \u00e0 abattre les filles du genre *p\u00e9tasse* et *pouffe*.\u00a0 Avec ses amis, Ad\u00e9e d\u00e9cide de mener sa propre enqu\u00eate. Devra-t-elle quitter les grands airs qu\u2019elle a choisi de se donner?<\/strong><\/p>\n<p align=\"center\"><span style=\"color: #808000;\"><strong><span style=\"font-size: 24px;\">LA TRIPLE VIE D&rsquo;AD\u00c9LA\u00cfDE<\/span><\/strong><\/span><br \/>\n<span style=\"color: #808000;\"><strong><span style=\"font-size: 24px;\">sage \u00e0 la maison, fashion \u00e0 l\u2019\u00e9cole et entre les deux\u00a0:<\/span><\/strong><\/span><br \/>\n<span style=\"color: #808000;\"><strong><span style=\"font-size: 24px;\">D\u00c9TECTIVE<\/span><\/strong><\/span><\/p>\n<p align=\"center\"><strong><em>*Ad\u00e9la\u00efde venait d\u2019atteindre sa quinzi\u00e8me ann\u00e9e.<br \/>\nTrois ans plus t\u00f4t, toutes ses copines \u00e9taient<br \/>\ndevenues des monstres. C\u2019\u00e9tait normal, vers 12<br \/>\nans, les filles deviennent des monstres. Elles<br \/>\nrient avec des yeux terrifiants. Les gar\u00e7ons me<br \/>\ndirez-vous, c\u2019est un peu pareil. Oui, mais dans<br \/>\ncette histoire, ce sont des filles qui vont mourir.<br \/>\nPrincipalement.<br \/>\n<\/em><\/strong>(Extraite\u00a0: CRIMES ET JEANS SLIM)<\/p>\n<p>Voici un bon petit roman plein d\u2019action et d\u2019humour que les jeunes appr\u00e9cieront je crois. Moi en tout cas, j\u2019en ai appr\u00e9ci\u00e9 la lecture m\u00eame si j\u2019ai \u00e9t\u00e9 un peu refroidi par certaines faiblesses. J\u2019aborderai d\u2019abord les forces du r\u00e9cit car il m\u2019a quand m\u00eame gard\u00e9 captif et int\u00e9ress\u00e9.<\/p>\n<p>D\u2019abord l\u2019\u00e9criture suit une dynamique constante. Le fil conducteur est clair et sans d\u00e9viance. Avec des chapitres courts, \u00e7a rend le tout facile \u00e0 lire. Les principaux personnages sont attachants.<\/p>\n<p>Mon pr\u00e9f\u00e9r\u00e9 est Rod, le petit fr\u00e8re d\u2019Ad\u00e9la\u00efde, un jeune intello d\u00e9bordant d\u2019imagination et obs\u00e9d\u00e9 par les \u00e9l\u00e9phants parce que son p\u00e8re a \u00e9t\u00e9 tu\u00e9 par un \u00e9l\u00e9phant. Rod est probablement le plus caricatural des personnages de ce roman. Son \u00e9volution dans le r\u00e9cit est graduelle et constante jusqu\u2019\u00e0 ce que l\u2019\u00e2me du h\u00e9ros \u00e9clate au grand jour.<\/p>\n<p>En g\u00e9n\u00e9ral, tous les personnages ont un ptit quelque chose qui pla\u00eet. \u00c7a devrait plaire aux jeunes d\u2019autant que dans ce r\u00e9cit, ce sont des ados qui m\u00e8nent l\u2019enqu\u00eate en r\u00e9alit\u00e9, faisant passer les policiers pour un peu lourdauds. Le style d\u2019\u00e9criture est agr\u00e9able et enlev\u00e9. Plusieurs passages m\u2019ont arrach\u00e9 des sourires\u2026je ne me suis pas ennuy\u00e9.<\/p>\n<p>La faiblesse du r\u00e9cit tient dans son aspect caricatural. Par exemple, je mentionne le fait que l\u2019h\u00e9ro\u00efne, Ad\u00e9 a 15 ans alors que le public vis\u00e9 est je crois plus jeune. Aussi, le portrait social des jeunes filles de 12-14 ans est peu flatteur et je ne suis pas s\u00fbr que les jeunes filles l\u2019approuvent, le th\u00e8me de la *pouffe* \u00e9tant omnipr\u00e9sent dans ce roman.<\/p>\n<p>Je peux aussi mentionner le fait que le r\u00e9cit a toutes les apparences d\u2019une histoire de filles alors que c\u2019est un gar\u00e7on qui a le fin mot de l\u2019histoire sans compter le fait que le tueur en s\u00e9rie est d\u2019une na\u00efvet\u00e9 peu cr\u00e9dible. Enfin, la finale est simpliste et tir\u00e9e par les cheveux m\u00eame si elle est empreinte d\u2019originalit\u00e9. Quoiqu\u2019il en soit, l\u2019auteure fait patauger les adultes dans son histoire\u2026ce n\u2019est pas pour d\u00e9plaire aux jeunes.<\/p>\n<p>Je pense que le jeune public appr\u00e9ciera ce livre et les adultes aussi. Je note au passage que le r\u00e9cit est porteur d\u2019une int\u00e9ressante r\u00e9flexion sur des th\u00e8mes qui concernent directement la jeunesse\u00a0: l\u2019estime de soi, le conformisme, le harc\u00e8lement, l\u2019authenticit\u00e9 et surtout LA TOL\u00c9RANCE. Ces th\u00e8mes rel\u00e8vent du *non-dit* dans l\u2019histoire mais ils m\u2019ont sembl\u00e9 terriblement perceptibles.<\/p>\n<p>\u2026une agr\u00e9able lecture\u2026divertissante et dr\u00f4le\u2026<\/p>\n<p>Suggestion de lecture : <a href=\"https:\/\/jailu.mllambert.com\/2016\/01\/24\/la-mort-entre-les-livres\/\">CRIMES \u00c0 LA LIBRAIRIE<\/a>, Collectif, recueil\u00a0 de nouvelles<\/p>\n<p><img loading=\"lazy\" decoding=\"async\" class=\"wp-image-3245 size-medium alignright\" style=\"border: 0px none;\" title=\"jeanslim2\" src=\"http:\/\/biblioclo.com\/wp-content\/uploads\/2015\/12\/jeanslim2-262x300.jpg\" alt=\"\" width=\"262\" height=\"300\" srcset=\"https:\/\/biblioclo.com\/wp-content\/uploads\/2015\/12\/jeanslim2-262x300.jpg 262w, https:\/\/biblioclo.com\/wp-content\/uploads\/2015\/12\/jeanslim2.jpg 470w\" sizes=\"auto, (max-width: 262px) 100vw, 262px\" \/><\/p>\n<p><strong>Luc Blanvillain est un \u00e9crivain fran\u00e7ais n\u00e9 \u00e0 Poitiers en 1967. Il donne libre cours \u00e0 sa passio de l\u2019\u00e9criture et de la cr\u00e9ativit\u00e9 en montant avec ses lyc\u00e9ens des ateliers d\u2019\u00e9criture, de nouvelles alternatives et du th\u00e9\u00e2tre. Il \u00e9crit d\u2019abord pour les adultes mais se tourne rapidement vers la litt\u00e9rature jeunesse. Encourag\u00e9 par le succ\u00e8s de CRIMES ET JEANS SLIM en 2010, il r\u00e9cidivera avec plusieurs autres titres dont UNE HISTOIRE DE FOUS en 2011, CUPIDON POWER en 2013 et <a href=\"https:\/\/www.babelio.com\/livres\/Blanvillain-Wifi-Genie-une-aventure-de-Fabien-Dotcom\/563766\">WI-FI G\u00c9NIE<\/a>, publi\u00e9 en 2014.<\/strong><\/p>\n<p>BONNE LECTURE<br \/>\nJAILU\/Claude Lambert<br \/>\nJANVIER 2016<\/p>\n","protected":false},"excerpt":{"rendered":"<p>Ad\u00e9e, 15 ans d\u00e9cide d&rsquo;adopter le style \u00e9clat\u00e9 des filles de son lyc\u00e9e. \u00c7a fonctionne jusqu\u2019au jour o\u00f9 un tueur se pointe. CRIMES ET JEANS SLIM,Luc Blanvillain <a href=\"https:\/\/biblioclo.com\/index.php\/2016\/01\/31\/la-triple-vie-dadelaide\/\">Continuer la lecture <span class=\"meta-nav\"> \u00bb<\/span><\/a><\/p>\n<div class='heateorSssClear'><\/div><div style=\"float:right\" class='heateor_sss_sharing_container heateor_sss_horizontal_sharing' data-heateor-sss-href='https:\/\/biblioclo.com\/index.php\/2016\/01\/31\/la-triple-vie-dadelaide\/'><div class='heateor_sss_sharing_title' style=\"font-weight:bold\" ><\/div><div class=\"heateor_sss_sharing_ul\"><a style=\"padding:7.35px 0 !important\" class=\"heateor_sss_facebook_share\"><div class=\"fb-share-button\" data-href=\"https:\/\/biblioclo.com\/index.php\/2016\/01\/31\/la-triple-vie-dadelaide\/\" data-layout=\"button\"><\/div><\/a><\/div><div class=\"heateorSssClear\"><\/div><\/div><div class='heateorSssClear'><\/div>","protected":false},"author":3,"featured_media":3244,"comment_status":"open","ping_status":"open","sticky":false,"template":"","format":"standard","meta":{"footnotes":""},"categories":[4,5],"tags":[45,800,842,1008,1118,1684],"class_list":["post-3240","post","type-post","status-publish","format-standard","has-post-thumbnail","hentry","category-compterendus","category-critiques","tag-adolescence","tag-harcelement","tag-humour","tag-litterature-jeunesse","tag-meurtres-en-serie","tag-suspense"],"_links":{"self":[{"href":"https:\/\/biblioclo.com\/index.php\/wp-json\/wp\/v2\/posts\/3240","targetHints":{"allow":["GET"]}}],"collection":[{"href":"https:\/\/biblioclo.com\/index.php\/wp-json\/wp\/v2\/posts"}],"about":[{"href":"https:\/\/biblioclo.com\/index.php\/wp-json\/wp\/v2\/types\/post"}],"author":[{"embeddable":true,"href":"https:\/\/biblioclo.com\/index.php\/wp-json\/wp\/v2\/users\/3"}],"replies":[{"embeddable":true,"href":"https:\/\/biblioclo.com\/index.php\/wp-json\/wp\/v2\/comments?post=3240"}],"version-history":[{"count":2,"href":"https:\/\/biblioclo.com\/index.php\/wp-json\/wp\/v2\/posts\/3240\/revisions"}],"predecessor-version":[{"id":19104,"href":"https:\/\/biblioclo.com\/index.php\/wp-json\/wp\/v2\/posts\/3240\/revisions\/19104"}],"wp:featuredmedia":[{"embeddable":true,"href":"https:\/\/biblioclo.com\/index.php\/wp-json\/wp\/v2\/media\/3244"}],"wp:attachment":[{"href":"https:\/\/biblioclo.com\/index.php\/wp-json\/wp\/v2\/media?parent=3240"}],"wp:term":[{"taxonomy":"category","embeddable":true,"href":"https:\/\/biblioclo.com\/index.php\/wp-json\/wp\/v2\/categories?post=3240"},{"taxonomy":"post_tag","embeddable":true,"href":"https:\/\/biblioclo.com\/index.php\/wp-json\/wp\/v2\/tags?post=3240"}],"curies":[{"name":"wp","href":"https:\/\/api.w.org\/{rel}","templated":true}]}}