{"id":3297,"date":"2016-03-06T09:54:29","date_gmt":"2016-03-06T09:54:29","guid":{"rendered":"http:\/\/jailu.mllambert.com\/?p=3297"},"modified":"2023-04-21T09:35:37","modified_gmt":"2023-04-21T09:35:37","slug":"georges-brassens","status":"publish","type":"post","link":"https:\/\/biblioclo.com\/index.php\/2016\/03\/06\/georges-brassens\/","title":{"rendered":"GEORGES BRASSENS, par Ren\u00e9 Fallet"},"content":{"rendered":"<p style=\"text-align: left;\" align=\"right\"><strong><em>*J\u2019ai pass\u00e9, pr\u00e8s ou loin de lui, quinze ann\u00e9es d\u2019amiti\u00e9, d\u2019une amiti\u00e9 pour laquelle je ne trouve qu\u2019un mot d\u2019une banalit\u00e9 accablante : merveilleuse.* <\/em><\/strong>(Extrait de : GEORGES BRASSENS par Ren\u00e9 Fallet dans son*introduction pour mieux saisir les intentions d\u2019un auteur qui n\u2019en avait aucune* , \u00c9ditions Deno\u00ebl, 1967, 115 pages.)<\/p>\n<p><img loading=\"lazy\" decoding=\"async\" class=\"wp-image-3299 size-medium alignleft\" style=\"border: 0px none;\" title=\"brassens1\" src=\"http:\/\/biblioclo.com\/wp-content\/uploads\/2016\/02\/brassens1-218x300.gif\" alt=\"\" width=\"218\" height=\"300\" \/><strong>Dans son r\u00e9cit-hommage, Ren\u00e9 Fallet t\u00e9moigne de son amiti\u00e9 avec Georges Brassens, un monument de la chanson fran\u00e7aise. Tout a commenc\u00e9 en 1953 alors que Fallet publiait un article sur Brassens. Ce dernier, s\u00e9duit, offre son amiti\u00e9 au journaliste. Depuis, la relation s\u2019est enrichie jusqu\u2019\u00e0 la mort du po\u00e8te. Ce livre est plus un hommage qu\u2019une biographie. On y retrouve des textes, des t\u00e9moignages, des anecdotes, des photographies. Fallet a choisi de mettre le mythe de c\u00f4t\u00e9 et de se concentrer sur l\u2019homme mettant en perspective, de fa\u00e7on parfois \u00e9mouvante le caract\u00e8re affectueux de Brassens, son petit c\u00f4t\u00e9 dr\u00f4le et libertaire.<\/strong><\/p>\n<p align=\"center\"><span style=\"font-size: 24px; color: #00ccff;\"><strong>LE POLISSON DE LA CHANSON<\/strong><\/span><\/p>\n<p align=\"center\"><strong><em>*J\u2019aime mieux m\u2019en tenir \u00e0 ma premi\u00e8r\u2019 fa\u00e7on<br \/>\net me gratter le ventre en chantant des chansons.<br \/>\nSi le public en veut, je les sors dare-dare,<br \/>\ns\u2019il n\u2019en veut pas je les remets dans ma guitare.<br \/>\nRefusant d\u2019acquitter la ran\u00e7on de la gloire,<br \/>\nsur mon brin de laurier je m\u2019endors comme un loir.<br \/>\nTrompettes<br \/>\nde la renomm\u00e9e,<br \/>\nvous \u00eates<br \/>\nbien mal embouch\u00e9es!<br \/>\n<\/em><\/strong>(Extrait de la chanson LES TROMPETTES DE LA RENOMM\u00c9E<br \/>\nsortie en 1962. Paroles et musique\u00a0: Georges Brassens, du<br \/>\n9<sup>e<\/sup> album de Brassens)<\/p>\n<p>J\u2019avais h\u00e2te de vous parler de mon auteur-compositeur pr\u00e9f\u00e9r\u00e9\u00a0: Georges Brassens. Mon engouement pour ce po\u00e8te, ce *polisson de la chanson* a commenc\u00e9 tr\u00e8s t\u00f4t\u00a0: 1964, j\u2019\u00e9tais en 3<sup>e<\/sup> ann\u00e9e \u00e0 l\u2019\u00e9cole primaire Saint-Maurice de Shawinigan. Le conjoint de mon enseignante, Yvon, me donnait, une fois par semaine, des petits boulots \u00e0 faire \u00e0 son club de c\u00e9ramique \u00e0 l\u2019ar\u00e9na de Shawinigan.<\/p>\n<p>Un samedi matin, en longeant le long couloir menant au club, j\u2019entends une chanson. Le tourne-disque d\u2019Yvon \u00e9tait aussi pr\u00e9cieux que ses c\u00e9ramiques et il ne se g\u00eanait pas pour l\u2019utiliser \u00e0 volume \u00e9lev\u00e9 quand il \u00e9tait seul au club \u00e0 pr\u00e9parer ses cours.<\/p>\n<p>\u00c0 l\u2019approche de l\u2019atelier, j\u2019ai accroch\u00e9 non sur la voix du chansonnier mais sur les paroles de sa chanson\u00a0: <strong><em>*Trompettes de la renomm\u00e9e, vous \u00eates bien mal embouch\u00e9es! Le ciel en soit lou\u00e9, je vis en bonne entente avec le P\u00e8r\u2019 Duval, la calotte chantante, lui, le cat\u00e9chum\u00e8ne, et moi, l\u2019\u00e9nergum\u00e8n\u2019, il me laisse dire merd\u2019, je lui laiss\u2019 dire amen\u2026* <\/em><\/strong>(extrait\u00a0: LES TROMPETTES DE LA RENOMM\u00c9E).<\/p>\n<p>En entrant dans le local, on se salue et je lui demande qu\u2019est-ce que c\u2019est que cette chanson? C\u2019est l\u00e0 qu\u2019il a commenc\u00e9 \u00e0 me parler de Georges Brassens, un nom qui ne disait rien aux jeunes de mon \u00e2ge et pourtant, je commen\u00e7ais \u00e0 beaucoup m\u2019y int\u00e9resser. Depuis, la force d\u2019attraction de Brassens n\u2019a cess\u00e9 de cro\u00eetre sur moi.<\/p>\n<p>Pour moi, comme pour la plupart de ses fans d\u2019ailleurs et m\u00eame pour ses amis, Brassens \u00e9tait un personnage singulier, \u00e9nigmatique, secret. M\u00eame dans le monde du spectacle, <a href=\"https:\/\/www.franceculture.fr\/personne-charles-aznavour.html#biography\">Charles Aznavour<\/a> disait de Brassens qu\u2019il \u00e9tait \u00e0 part. \u00c0 <a href=\"https:\/\/fr.wikipedia.org\/wiki\/Bobino\">Bobino<\/a>, dont il avait fait pratiquement son quartier g\u00e9n\u00e9ral, Georges Brassens se pr\u00e9sentait sur une sc\u00e8ne d\u00e9pouill\u00e9e, avec un seul accompagnateur\u00a0: un contrebassiste.<\/p>\n<p>Comme \u00e9quipement\u00a0: sa guitare bien s\u00fbr, une chaise pour y poser le pied. Attendant, d\u00e9j\u00e0 en sueur dans son veston un peu froiss\u00e9 et sa cravate ample\u2026lorsque le rideau se levait, il \u00e9tait parti pour la gloire de divertir un public d\u00e9j\u00e0 conquis, venu applaudir le polisson de la chanson.<\/p>\n<p><strong><em>*Ses contemporains respirent en lui comme un parfum d\u2019autrefois, un revenez-y de douceurs disparues\u2026Georges Brassens est un homme de qualit\u00e9. Cette qualit\u00e9 est son plus beau costume de sc\u00e8ne. Cette qualit\u00e9 du texte de la pens\u00e9e est la plus fi\u00e8re marque de respect que l\u2019on puisse\u00a0 donner \u00e0 un public. Les marques ext\u00e9rieures n\u2019existent pas aupr\u00e8s de celle-l\u00e0\u2026*<\/em><\/strong><\/p>\n<p>Brassens \u00e9tait un po\u00e8te complet comme il ne s\u2019en fait pas beaucoup. Chacune de ses chansons est un univers \u00e0 explorer et \u00e0 d\u00e9cortiquer. C\u2019est pr\u00e9cis\u00e9ment ce qu\u2019a fait Ren\u00e9 Fallet dans son petit volume\u00a0: un commentaire pour chaque chanson \u00e0 la fa\u00e7on bien particuli\u00e8re de Fallet\u2026color\u00e9e, originale, envelopp\u00e9e de po\u00e9sie vivante, celle si ch\u00e8re \u00e0 Brassens. Et plus encore, Fallet enrichit son texte d\u2019une chaleur enveloppante et d\u2019une extraordinaire sinc\u00e9rit\u00e9.<\/p>\n<p>J\u2019aurais aim\u00e9 \u00eatre l\u2019ami de Brassens\u2026tout le monde aurait aim\u00e9 \u00eatre l\u2019ami de Brassens\u2026mais voil\u00e0, c\u2019\u00e9tait pas donn\u00e9 \u00e0 tout le monde. Je vous invite donc \u00e0 conna\u00eetre Georges Brassens ou \u00e0 renouer avec celui qui nous a laiss\u00e9 un h\u00e9ritage po\u00e9tique et culturel d\u2019une exceptionnelle profondeur et d\u2019une magnifique beaut\u00e9 \u00e0 travers l\u2019amiti\u00e9 que lui vouait Ren\u00e9 Fallet.<\/p>\n<p>Suggestion de lecture : <a href=\"https:\/\/jailu.mllambert.com\/2021\/06\/24\/georges-lucas-une-vie-livre-de-brian-jay-jones\/\">GEORGES LUCAS UNE VIE<\/a>, de Brian Jay Jones<\/p>\n<p><a href=\"http:\/\/biblioclo.com\/wp-content\/uploads\/2016\/02\/brassens2.jpg\"><img loading=\"lazy\" decoding=\"async\" class=\"alignleft size-thumbnail wp-image-3301\" style=\"border: 0px none;\" title=\"brassens2\" src=\"http:\/\/jailu.mllambert.com\/wp-content\/uploads\/2016\/02\/brassens2-150x150.jpg\" alt=\"\" width=\"150\" height=\"150\" \/><\/a> <a href=\"http:\/\/biblioclo.com\/wp-content\/uploads\/2016\/02\/brassens4.jpg\"><img loading=\"lazy\" decoding=\"async\" class=\"alignleft size-thumbnail wp-image-3303\" style=\"border: 0px none;\" title=\"brassens4\" src=\"http:\/\/jailu.mllambert.com\/wp-content\/uploads\/2016\/02\/brassens4-150x150.jpg\" alt=\"\" width=\"150\" height=\"150\" \/><\/a><a href=\"http:\/\/biblioclo.com\/wp-content\/uploads\/2016\/02\/brassens3.jpg\"><img loading=\"lazy\" decoding=\"async\" class=\"alignleft size-thumbnail wp-image-3302\" style=\"border: 0px none;\" title=\"brassens3\" src=\"http:\/\/jailu.mllambert.com\/wp-content\/uploads\/2016\/02\/brassens3-150x150.jpg\" alt=\"\" width=\"150\" height=\"150\" srcset=\"https:\/\/biblioclo.com\/wp-content\/uploads\/2016\/02\/brassens3-150x150.jpg 150w, https:\/\/biblioclo.com\/wp-content\/uploads\/2016\/02\/brassens3.jpg 285w\" sizes=\"auto, (max-width: 150px) 100vw, 150px\" \/><\/a><\/p>\n<p><a href=\"http:\/\/biblioclo.com\/wp-content\/uploads\/2016\/02\/brassens5.jpg\"><img loading=\"lazy\" decoding=\"async\" class=\"alignleft size-full wp-image-3305\" style=\"border: 0px none;\" title=\"brassens5\" src=\"http:\/\/biblioclo.com\/wp-content\/uploads\/2016\/02\/brassens5.jpg\" alt=\"\" width=\"512\" height=\"384\" srcset=\"https:\/\/biblioclo.com\/wp-content\/uploads\/2016\/02\/brassens5.jpg 512w, https:\/\/biblioclo.com\/wp-content\/uploads\/2016\/02\/brassens5-300x225.jpg 300w, https:\/\/biblioclo.com\/wp-content\/uploads\/2016\/02\/brassens5-400x300.jpg 400w\" sizes=\"auto, (max-width: 512px) 100vw, 512px\" \/><\/a><\/p>\n<p>Ren\u00e9 Fallet (1927-1983) \u00e9tait un \u00e9crivain et sc\u00e9nariste fran\u00e7ais. Apr\u00e8s sa d\u00e9mobilisation en 1945, il publie son premier recueil de po\u00e8mes. Les ann\u00e9es qui suivent seront consacr\u00e9es \u00e0 l\u2019\u00e9criture, \u00e0 la critique et aux voyages. En 1952, il entre au CANARD ENCHA\u00ceN\u00c9, c\u00e9l\u00e8bre hebdomadaire satirique fran\u00e7ais. En 1953, il rencontre Georges Brassens.<\/p>\n<p>Ce sera le d\u00e9but d\u2019une belle et longue amiti\u00e9. Il se marie et entre temps re\u00e7oit le prix du roman populiste pour ses trois premiers romans BANLIEUE SUD-EST,\u00a0 LA FLEUR ET LA SOURIS et PIGALLE. En 1964, son fameux roman PARIS AU MOIS D\u2019AOUT, qui lui rapporte le PRIX INTERALLI\u00c9 lui assure prestige et notori\u00e9t\u00e9.<\/p>\n<p style=\"text-align: left;\"><a href=\"http:\/\/biblioclo.com\/wp-content\/uploads\/2016\/02\/brassens6.jpg\"><img loading=\"lazy\" decoding=\"async\" class=\"aligncenter  wp-image-3306\" style=\"border: 0px none;\" title=\"brassens6\" src=\"http:\/\/biblioclo.com\/wp-content\/uploads\/2016\/02\/brassens6.jpg\" alt=\"\" width=\"600\" height=\"454\" srcset=\"https:\/\/biblioclo.com\/wp-content\/uploads\/2016\/02\/brassens6.jpg 600w, https:\/\/biblioclo.com\/wp-content\/uploads\/2016\/02\/brassens6-300x227.jpg 300w, https:\/\/biblioclo.com\/wp-content\/uploads\/2016\/02\/brassens6-396x300.jpg 396w\" sizes=\"auto, (max-width: 600px) 100vw, 600px\" \/><\/a>BONNE LECTURE<br \/>\nJAILU\/Claude Lambert<br \/>\nF\u00c9VRIER 2016<\/p>\n","protected":false},"excerpt":{"rendered":"<p>J&rsquo;avais h\u00e2te de vous parler de mon auteur-compositeur pr\u00e9f\u00e9r\u00e9: Georges Brassens. Je commente le livre de Ren\u00e9 Fallet en hommage \u00e0 GEORGES BRASSENS.  <a href=\"https:\/\/biblioclo.com\/index.php\/2016\/03\/06\/georges-brassens\/\">Continuer la lecture <span class=\"meta-nav\"> \u00bb<\/span><\/a><\/p>\n<div class='heateorSssClear'><\/div><div style=\"float:right\" class='heateor_sss_sharing_container heateor_sss_horizontal_sharing' data-heateor-sss-href='https:\/\/biblioclo.com\/index.php\/2016\/03\/06\/georges-brassens\/'><div class='heateor_sss_sharing_title' style=\"font-weight:bold\" ><\/div><div class=\"heateor_sss_sharing_ul\"><a style=\"padding:7.35px 0 !important\" class=\"heateor_sss_facebook_share\"><div class=\"fb-share-button\" data-href=\"https:\/\/biblioclo.com\/index.php\/2016\/03\/06\/georges-brassens\/\" data-layout=\"button\"><\/div><\/a><\/div><div class=\"heateorSssClear\"><\/div><\/div><div class='heateorSssClear'><\/div>","protected":false},"author":3,"featured_media":3299,"comment_status":"open","ping_status":"open","sticky":false,"template":"","format":"standard","meta":{"footnotes":""},"categories":[4,5],"tags":[94,187,246,1341,1380,1714],"class_list":["post-3297","post","type-post","status-publish","format-standard","has-post-thumbnail","hentry","category-compterendus","category-critiques","tag-anecdotes","tag-biographie","tag-chanson-francaise","tag-poete","tag-presentation","tag-temoignages"],"_links":{"self":[{"href":"https:\/\/biblioclo.com\/index.php\/wp-json\/wp\/v2\/posts\/3297","targetHints":{"allow":["GET"]}}],"collection":[{"href":"https:\/\/biblioclo.com\/index.php\/wp-json\/wp\/v2\/posts"}],"about":[{"href":"https:\/\/biblioclo.com\/index.php\/wp-json\/wp\/v2\/types\/post"}],"author":[{"embeddable":true,"href":"https:\/\/biblioclo.com\/index.php\/wp-json\/wp\/v2\/users\/3"}],"replies":[{"embeddable":true,"href":"https:\/\/biblioclo.com\/index.php\/wp-json\/wp\/v2\/comments?post=3297"}],"version-history":[{"count":1,"href":"https:\/\/biblioclo.com\/index.php\/wp-json\/wp\/v2\/posts\/3297\/revisions"}],"predecessor-version":[{"id":18342,"href":"https:\/\/biblioclo.com\/index.php\/wp-json\/wp\/v2\/posts\/3297\/revisions\/18342"}],"wp:featuredmedia":[{"embeddable":true,"href":"https:\/\/biblioclo.com\/index.php\/wp-json\/wp\/v2\/media\/3299"}],"wp:attachment":[{"href":"https:\/\/biblioclo.com\/index.php\/wp-json\/wp\/v2\/media?parent=3297"}],"wp:term":[{"taxonomy":"category","embeddable":true,"href":"https:\/\/biblioclo.com\/index.php\/wp-json\/wp\/v2\/categories?post=3297"},{"taxonomy":"post_tag","embeddable":true,"href":"https:\/\/biblioclo.com\/index.php\/wp-json\/wp\/v2\/tags?post=3297"}],"curies":[{"name":"wp","href":"https:\/\/api.w.org\/{rel}","templated":true}]}}