{"id":3313,"date":"2016-03-13T08:19:05","date_gmt":"2016-03-13T08:19:05","guid":{"rendered":"http:\/\/jailu.mllambert.com\/?p=3313"},"modified":"2026-04-05T13:02:52","modified_gmt":"2026-04-05T13:02:52","slug":"i-v","status":"publish","type":"post","link":"https:\/\/biblioclo.com\/index.php\/2016\/03\/13\/i-v\/","title":{"rendered":"I V, un livre intrigant de RAPH\u00cbL GRANGIER"},"content":{"rendered":"\n<p><\/p>\n\n\n<p style=\"text-align: left;\" align=\"right\"><strong><em>*Eh bien voil\u00e0, l\u2019objet utilis\u00e9 pour r\u00e9aliser les inscriptions dans le corps de votre victime, \u00e9tait bien un harpon, inspecteur\u2026* <\/em><\/strong>(Extrait : I V, Rapha\u00ebl Grangier, Paul &amp; Mike \u00c9ditions, 2014, num\u00e9rique 510 pages)<\/p>\n<p><a href=\"http:\/\/biblioclo.com\/wp-content\/uploads\/2016\/02\/IV1.gif\"><img loading=\"lazy\" decoding=\"async\" class=\"size-full wp-image-3316 alignright\" style=\"border: 0px none;\" title=\"IV1\" src=\"http:\/\/biblioclo.com\/wp-content\/uploads\/2016\/02\/IV1.gif\" alt=\"\" width=\"250\" height=\"382\" \/><\/a><strong>L\u2019histoire a pour cadre le Connemara, une tr\u00e8s belle r\u00e9gion situ\u00e9e dans l\u2019ouest de l\u2019Irlande. Un jour, en plein c\u0153ur du Connemara, un chalutier emprisonne dans ses filets un corps humain meurtri et sans visage. Deux lettres grav\u00e9es dans la chair du cadavre : I V laissent supposer un meurtre. Quelques jours apr\u00e8s cette p\u00eache cauchemardesque, une jambe et deux doigts humains son rep\u00each\u00e9s. On y trouve les m\u00eames lettres grav\u00e9es dans la chair. Deux policiers aux m\u00e9thodes compl\u00e8tement diff\u00e9rentes vont devoir s\u2019unir pour r\u00e9soudre ce myst\u00e8re\u2026une enqu\u00eate qui risque de mettre \u00e0 nu quelques secrets parmi les plus inavouables d\u2019Irlande.\u00a0<\/strong><\/p>\n<p align=\"center\"><span style=\"font-size: 24px; color: #003300;\">HISTOIRE VENG\u00c9E<\/span><br \/><strong><em>*Vous avez tu\u00e9 des innocents, gratuitement,<br \/>reprend Andrew d\u2019une voix sourde. Leur<br \/>seul tort \u00e9tait d\u2019\u00eatre anglais. Vous vous<br \/>\u00eates servi de l\u2019histoire entre nos deux pays<br \/>pour assouvir votre besoin de vengeance.*<br \/><\/em><\/strong>(Extrait\u00a0: I.V.)<\/p>\n<p>J\u2019ai beaucoup aim\u00e9 la lecture de ce livre pour plusieurs raisons. D\u2019abord l\u2019originalit\u00e9 du sujet. Je reviendrai l\u00e0-dessus un peu plus loin. Ce qui m\u2019a d\u2019abord saut\u00e9 aux yeux, c\u2019est que tout le livre est impr\u00e9gn\u00e9 de l\u2019Irlande\u00a0: un magnifique pays d\u2019Europe de l\u2019ouest, au pass\u00e9 tourment\u00e9 et qui revendique toujours son identit\u00e9 celtique. I.V., c\u2019est l\u2019Irlande dans sa mentalit\u00e9, sa culture, son caract\u00e8re et surtout son histoire.<\/p>\n<p>I.V.\u00a0: deux lettres grav\u00e9es dans la chair d\u2019un cadavre imposeront la tenue d\u2019une enqu\u00eate complexe mais palpitante qui s\u2019impr\u00e8gnera graduellement de la tragique histoire de l\u2019Irlande. Deux enqu\u00eateurs disparates\u00a0: Andrew Richards, d\u00e9p\u00each\u00e9 par la criminelle de Londres et Nuala McFeen de la police de Dublin seront contraints de collaborer dans cette difficile enqu\u00eate qui mettra \u00e0 nus des secrets tr\u00e8s d\u00e9rangeants et dont l\u2019Irlande ne doit pas \u00eatre fi\u00e8re.<\/p>\n<p>Ce que j\u2019ai le plus appr\u00e9ci\u00e9 dans ce livre est qu\u2019il repose sur l\u2019histoire trouble de l\u2019Irlande. Pour avancer dans l\u2019enqu\u00eate, les policiers ont d\u00fb s\u2019attabler pour \u00e9tudier et surtout comprendre l\u2019histoire de l\u2019Irlande et elle n\u2019est pas simple.<\/p>\n<p>Voil\u00e0 la grande originalit\u00e9 du r\u00e9cit\u00a0: on ne peut r\u00e9soudre l\u2019affaire qu\u2019en passant par l\u2019histoire. Pour mieux appr\u00e9cier l\u2019objectif de l\u2019auteur, j\u2019ai fait une recherche parall\u00e8le sur l\u2019\u00e9pisode sp\u00e9cifique de l\u2019histoire de l\u2019Irlande qui se rattache au r\u00e9cit de Grangier.<\/p>\n<p>I.V. fait donc r\u00e9f\u00e9rence \u00e0 la guerre d\u2019ind\u00e9pendance irlandaise, appel\u00e9e aussi <strong>Tan War<\/strong>, c\u2019est-\u00e0-dire la campagne de gu\u00e9rilla qu\u2019a men\u00e9 <strong>l\u2019<a href=\"https:\/\/www.guide-irlande.com\/culture\/ira\/\">IRA<\/a><\/strong>, l\u2019Arm\u00e9e R\u00e9publicaine Irlandaise contre la police royale irlandaise, l\u2019arm\u00e9e britannique et les <a href=\"https:\/\/www.guide-irlande.com\/culture\/black-and-tans\/\"><strong>Black and Tans<\/strong><\/a> en Irlande et qui fit rage de 1919 \u00e0 1921, pr\u00e9ludant \u00e0 la naissance de l\u2019Irlande du Nord..<\/p>\n<p>Je ne rentrerai pas dans les d\u00e9tails, ce serait trop long ici. Je me contenterai de dire que cette guerre a donn\u00e9 lieu \u00e0 des horreurs innommables et \u00e7a transpire dans le livre de Grangier.<\/p>\n<p>Ma petite recherche m\u2019a permis de constater que les \u00e9l\u00e9ments historiques ont \u00e9t\u00e9 intelligemment imbriqu\u00e9s dans le r\u00e9cit de Grangier. I.V. est en fait une histoire de vengeance historique. Une bonne partie de la r\u00e9solution du myst\u00e8re se trouve dans le titre du livre, mais je ne g\u00e2cherai certainement pas le plaisir du lecteur en continuant sur cette voie.<\/p>\n<p>Enfin, j\u2019ai \u00e9t\u00e9 surpris par la finale de l\u2019histoire. En effet, alors que je croyais l\u2019enqu\u00eate termin\u00e9e et l\u2019affaire class\u00e9e, voil\u00e0 qu\u2019un d\u00e9tail troublant vient tout faire basculer et relance l\u2019investigation. Pour moi, le d\u00e9nouement du r\u00e9cit \u00e9tait totalement inattendu.<\/p>\n<p>En conclusion, I.V. est un excellent polar qui m\u2019a plong\u00e9 dans une forme inesp\u00e9r\u00e9e de fascination. C\u2019est un r\u00e9cit fluide et rythm\u00e9 qui nous tient en haleine du d\u00e9but \u00e0 la fin.<\/p>\n<p>Suggestion de lecture : <a href=\"https:\/\/jailu.mllambert.com\/2022\/03\/06\/american-gods-le-livre-de-neil-gaiman\/\">AMERICAN GODS<\/a>, de Neil Gaiman<\/p>\n<p style=\"text-align: left;\"><a href=\"http:\/\/biblioclo.com\/wp-content\/uploads\/2016\/02\/IV2.jpg\"><img loading=\"lazy\" decoding=\"async\" class=\"aligncenter size-full wp-image-3319\" style=\"border: 0px none;\" title=\"IV2\" src=\"http:\/\/biblioclo.com\/wp-content\/uploads\/2016\/02\/IV2.jpg\" alt=\"\" width=\"436\" height=\"450\" srcset=\"https:\/\/biblioclo.com\/wp-content\/uploads\/2016\/02\/IV2.jpg 436w, https:\/\/biblioclo.com\/wp-content\/uploads\/2016\/02\/IV2-291x300.jpg 291w\" sizes=\"auto, (max-width: 436px) 100vw, 436px\" \/><\/a>Je n\u2019ai pas trouv\u00e9 beaucoup de d\u00e9tails sur le parcours de Rapha\u00ebl Grangier. C\u2019est sans doute normal car au moment d\u2019\u00e9crire ces lignes, Grangier est un auteur \u00e9mergent qui \u00e9crit depuis deux ans seulement et I.V. est son premier roman, paru en 2014. Je crois que c\u2019est prometteur.<\/p>\n<p>Quant \u00e0 ce que je sais de son parcours, disons que Rapha\u00ebl Grangier est un technicien sup\u00e9rieur en m\u00e9canique. Il a travaill\u00e9 plusieurs ann\u00e9es en sous-traitance avionique avant de devenir professeur certifi\u00e9 en sciences et technologies. I.V. est son premier ouvrage \u00e0 compte d\u2019\u00e9diteur. Souhaitons qu\u2019il y en ait d\u2019autres<\/p>\n<p>Comme je le disais,\u00a0 concernant Rapha\u00ebl Grangier, au moment de publier cet article, il y a peu de d\u00e9tails disponibles sur internet. M\u00eame sa page Facebook est maigre, mais elle s\u2019enrichira sans doute avec le temps. Voici l\u2019adresse pour les int\u00e9ress\u00e9s\u00a0:<\/p>\n<p><a href=\"https:\/\/fr-ca.facebook.com\/AngeR2009\">https:\/\/fr-ca.facebook.com\/AngeR2009<\/a><cite> <\/cite><\/p>\n<p>BONNE LECTURE<br \/>MARS 2016\/Claude Lambert<br \/>JAILU<\/p>","protected":false},"excerpt":{"rendered":"<p>un chalutier recueille un corps humain meurtri et sans visage. Deux lettres grav\u00e9es dans la chair du cadavre : I V  Je commente le livre de Rapha\u00ebl Grangier <a href=\"https:\/\/biblioclo.com\/index.php\/2016\/03\/13\/i-v\/\">Continuer la lecture <span class=\"meta-nav\"> \u00bb<\/span><\/a><\/p>\n<div class='heateorSssClear'><\/div><div style=\"float:right\" class='heateor_sss_sharing_container heateor_sss_horizontal_sharing' data-heateor-sss-href='https:\/\/biblioclo.com\/index.php\/2016\/03\/13\/i-v\/'><div class='heateor_sss_sharing_title' style=\"font-weight:bold\" ><\/div><div class=\"heateor_sss_sharing_ul\"><a style=\"padding:7.35px 0 !important\" class=\"heateor_sss_facebook_share\"><div class=\"fb-share-button\" data-href=\"https:\/\/biblioclo.com\/index.php\/2016\/03\/13\/i-v\/\" data-layout=\"button\"><\/div><\/a><\/div><div class=\"heateorSssClear\"><\/div><\/div><div class='heateorSssClear'><\/div>","protected":false},"author":3,"featured_media":3316,"comment_status":"open","ping_status":"open","sticky":false,"template":"","format":"standard","meta":{"footnotes":""},"categories":[4,5],"tags":[404,583,821,1346,1578,1684],"class_list":["post-3313","post","type-post","status-publish","format-standard","has-post-thumbnail","hentry","category-compterendus","category-critiques","tag-culture-irlandaise","tag-enquete","tag-histoire","tag-policier","tag-secret","tag-suspense"],"_links":{"self":[{"href":"https:\/\/biblioclo.com\/index.php\/wp-json\/wp\/v2\/posts\/3313","targetHints":{"allow":["GET"]}}],"collection":[{"href":"https:\/\/biblioclo.com\/index.php\/wp-json\/wp\/v2\/posts"}],"about":[{"href":"https:\/\/biblioclo.com\/index.php\/wp-json\/wp\/v2\/types\/post"}],"author":[{"embeddable":true,"href":"https:\/\/biblioclo.com\/index.php\/wp-json\/wp\/v2\/users\/3"}],"replies":[{"embeddable":true,"href":"https:\/\/biblioclo.com\/index.php\/wp-json\/wp\/v2\/comments?post=3313"}],"version-history":[{"count":1,"href":"https:\/\/biblioclo.com\/index.php\/wp-json\/wp\/v2\/posts\/3313\/revisions"}],"predecessor-version":[{"id":19336,"href":"https:\/\/biblioclo.com\/index.php\/wp-json\/wp\/v2\/posts\/3313\/revisions\/19336"}],"wp:featuredmedia":[{"embeddable":true,"href":"https:\/\/biblioclo.com\/index.php\/wp-json\/wp\/v2\/media\/3316"}],"wp:attachment":[{"href":"https:\/\/biblioclo.com\/index.php\/wp-json\/wp\/v2\/media?parent=3313"}],"wp:term":[{"taxonomy":"category","embeddable":true,"href":"https:\/\/biblioclo.com\/index.php\/wp-json\/wp\/v2\/categories?post=3313"},{"taxonomy":"post_tag","embeddable":true,"href":"https:\/\/biblioclo.com\/index.php\/wp-json\/wp\/v2\/tags?post=3313"}],"curies":[{"name":"wp","href":"https:\/\/api.w.org\/{rel}","templated":true}]}}