{"id":4622,"date":"2017-05-28T09:57:08","date_gmt":"2017-05-28T09:57:08","guid":{"rendered":"http:\/\/jailu.mllambert.com\/?p=4622"},"modified":"2023-07-08T10:12:46","modified_gmt":"2023-07-08T10:12:46","slug":"la-serie-noire-de-gallimard","status":"publish","type":"post","link":"https:\/\/biblioclo.com\/index.php\/2017\/05\/28\/la-serie-noire-de-gallimard\/","title":{"rendered":"LA S\u00c9RIE NOIRE DE GALLIMARD, h\u00e9ritage du gothique"},"content":{"rendered":"<p style=\"text-align: center;\" align=\"center\"><span style=\"font-size: 24px; color: #800080;\"><strong>LA LITT\u00c9RATURE NOIRE SANS FRONTI\u00c8RE<\/strong><\/span><br \/>\n<img loading=\"lazy\" decoding=\"async\" class=\"alignnone  wp-image-13077\" src=\"http:\/\/biblioclo.com\/wp-content\/uploads\/2017\/05\/9-300x225.jpg\" alt=\"\" width=\"364\" height=\"277\" \/><\/p>\n<p>Ce que l\u2019on appelle LE ROMAN NOIR est en fait l\u2019h\u00e9ritage, voire la continuit\u00e9 d\u2019un genre litt\u00e9raire qui \u00e9tait tr\u00e8s pris\u00e9 au XVIII si\u00e8cle\u00a0: le roman gothique. LE ROMAN NOIR d\u00e9crit le c\u00f4t\u00e9 sombre de nos r\u00e9alit\u00e9s sociales\u00a0: Mafia, crime organis\u00e9, meurtres en s\u00e9rie, corruption, violence, haine, l\u00e9gendes urbaines etc.<\/p>\n<p>Voyons ce que le dictionnaire mondial des litt\u00e9ratures de Larousse dit des romans noirs\u00a0: <strong><em>*Le genre se sp\u00e9cialise dans la peinture de l\u2019exc\u00e8s et de l\u2019horreur, et produit un r\u00e9cit \u00e0 grands effets qui dit la force et la cruaut\u00e9 du mal, ainsi que la mis\u00e8re (mais aussi la victoire) de l\u2019innocence.*<\/em><\/strong><\/p>\n<p>En 1945, sous l\u2019impulsion de l\u2019\u00e9diteur Claude Gallimard, Marcel Duhamel \u00e9diteur, traducteur, sc\u00e9nariste et acteur (1900-1977) cr\u00e9e une collection qui mettrait en perspective toutes les angoisses de la soci\u00e9t\u00e9. Le po\u00e8te et sc\u00e9nariste fran\u00e7ais Jacques Pr\u00e9vert (1900-1977) arr\u00eatera d\u00e9finitivement le nom de cette collection : S\u00c9RIE NOIRE.<\/p>\n<p style=\"text-align: left;\">Les d\u00e9buts sont modestes\u2026quelques parutions ici et l\u00e0. Mais puisque l\u2019int\u00e9r\u00eat se manifeste et que la demande prend de l\u2019ampleur, Gallimard s\u2019organise et la S\u00c9RIE NOIRE prend d\u00e9finitivement son envol en 1948, publiant jusqu\u2019\u00e0 nos jours des milliers de titres. Gallimard a m\u00eame publi\u00e9 un livre qui raconte l\u2019histoire de la s\u00e9rie.<\/p>\n<p style=\"text-align: left;\"><img loading=\"lazy\" decoding=\"async\" class=\"wp-image-13078  alignleft\" style=\"border: 0px;\" title=\"la-serie-noire-de-gallimard-5\" src=\"http:\/\/biblioclo.com\/wp-content\/uploads\/2017\/05\/10-245x300.jpg\" alt=\"\" width=\"296\" height=\"359\" \/><strong>\u00c9dition publi\u00e9e sous la direction d\u2019Alban Cerisier et Frank Lhomeau. Avant-propos d\u2019Antoine Gallimard. Bon march\u00e9 et largement diffus\u00e9e, la S\u00e9rie Noire a \u00e9t\u00e9 accueillie \u00e0 bras ouverts par les lecteurs fran\u00e7ais de l\u2019apr\u00e8s-guerre fascin\u00e9s par l\u2019Am\u00e9rique, sc\u00e8ne mythique de ces romans noirs rugueux et haletants puissamment relay\u00e9s par le cin\u00e9ma.<\/strong><strong> Marcel Duhamel s\u2019est enti\u00e8rement vou\u00e9 \u00e0 cette passionnante entreprise \u00e9ditoriale, commenc\u00e9e modestement avant de devenir l\u2019une des collections phares des \u00c9DITIONS GALLIMARD).<br \/>\n<\/strong><\/p>\n<p align=\"center\"><span style=\"font-size: 24px; color: #800080;\"><strong>PR\u00c8S DE 3000 LIVRES<\/strong><\/span><br \/>\n<strong><em>*\u2026la s\u00e9rie noire change en profondeur les codes de la<br \/>\nlitt\u00e9rature traditionnelle. Le style moins ampoul\u00e9,<br \/>\nplus bref et incisif, m\u00e9lange l\u2019action \u00e0 la psychologie&#8230;<br \/>\nLa S\u00e9rie Noire d\u00e9poussi\u00e8re \u00e9galement le roman en<br \/>\nlui greffant le langage parl\u00e9 de la rue.<br \/>\n<\/em><\/strong>(Thomas Morales, journaliste et \u00e9crivain, <a href=\"http:\/\/www.causeur.fr\/serie-noire-chandler-marcel-duhamel-36063.html\">causeur.fr<\/a>)<\/p>\n<p>Au moment d\u2019\u00e9crire ces lignes, la S\u00c9RIE NOIRE en est \u00e0 sa 76<sup>e<\/sup> ann\u00e9e de production et elle a toujours de l\u2019avenir. Bien s\u00fbr, je n\u2019allais pas me lancer dans la lecture de plus de 2,900 bouquins mais pour bien saisir et approfondir l\u2019influence de la S\u00c9RIE NOIRE sur les plans culturels et litt\u00e9raires, il fallait que j\u2019aille voir.<\/p>\n<p>Aussi, j\u2019ai s\u00e9lectionn\u00e9 tout \u00e0 fait au hasard quatre livres que j\u2019ai lus au complet. Je vous ai d\u00e9j\u00e0 parl\u00e9 du premier, LE TUEUR DU DIMANCHE de Jos\u00e9 Giovanni, ouvrage dont l\u2019argot irr\u00e9sistible teint\u00e9 de spontan\u00e9it\u00e9 et de crudit\u00e9 m\u2019avait s\u00e9duit. Je vous propose maintenant une br\u00e8ve description ainsi qu\u2019un bref commentaire sur les trois autres livres de la S\u00c9RIE NOIRE que j\u2019ai lus.<\/p>\n<p><img loading=\"lazy\" decoding=\"async\" class=\"wp-image-13079 size-medium alignleft\" style=\"border: 0px;\" title=\"la-serie-noire-de-gallimard-6\" src=\"http:\/\/biblioclo.com\/wp-content\/uploads\/2017\/05\/11-204x300.jpg\" alt=\"\" width=\"204\" height=\"300\" srcset=\"https:\/\/biblioclo.com\/wp-content\/uploads\/2017\/05\/11-204x300.jpg 204w, https:\/\/biblioclo.com\/wp-content\/uploads\/2017\/05\/11.jpg 372w\" sizes=\"auto, (max-width: 204px) 100vw, 204px\" \/><strong>\u00a0<\/strong><strong>LES ANGES NOIRS, Aevar \u00d6rn Josepsson : une informaticienne, divorc\u00e9e, m\u00e8re de 2 enfants dispara\u00eet sans laisser de traces. Tout le monde la cherche, sa famille, ses amis, les policiers et m\u00eame un faux policier. \u00c7a devient plus complexe qu\u2019une simple disparition. <\/strong>Il m\u2019a fallu beaucoup de temps avant de m\u2019accrocher \u00e0 l\u2019histoire. Fil conducteur instable. Le r\u00e9cit est fortement teint\u00e9 de misogynie et de machisme. Toutefois, malgr\u00e9 la complexit\u00e9 de l\u2019enqu\u00eate, l\u2019intrigue est soutenue. Reste \u00e0 se d\u00e9brouiller avec la toponymie Islandaise.<\/p>\n<p><img loading=\"lazy\" decoding=\"async\" class=\"wp-image-13081 size-full alignleft\" style=\"border: 0px;\" title=\"la-serie-noire-de-gallimard-7\" src=\"http:\/\/biblioclo.com\/wp-content\/uploads\/2017\/05\/12.jpg\" alt=\"\" width=\"195\" height=\"283\" \/><strong>Le destin de trois personnes se trouve li\u00e9 de fa\u00e7on inattendue et impitoyable. Ce qui va arriver \u00e0 C\u00e9line, L\u00e9opold et Josselin pourrait nous arriver. Violence, cruaut\u00e9, trahison, rien ne leur sera \u00e9pargn\u00e9. <\/strong><\/p>\n<p>R\u00e9cit tr\u00e8s noir, atmosph\u00e8re glauque, violent, le sujet est original. La narration est \u00e0 trois voix en alternance, chaque personnage communiquant au lecteur ses \u00e9motions et sentiments. La finale est \u00e9trange donnant l\u2019impression d\u2019un roman inachev\u00e9. Toutefois, le suspense est \u00e9volutif et habile.<\/p>\n<p><img loading=\"lazy\" decoding=\"async\" class=\"wp-image-13083 size-full alignleft\" style=\"border: 0px;\" title=\"la-serie-noire-de-gallimard-8\" src=\"http:\/\/biblioclo.com\/wp-content\/uploads\/2017\/05\/13.jpg\" alt=\"\" width=\"195\" height=\"285\" \/><\/p>\n<p>Figures de proue de la S\u00e9rie Noire et du polar fran\u00e7ais, graphomanes talentueux, Jean-Bernard Pouy et Marc Villard ont entam\u00e9 en 2005 un dialogue litt\u00e9raire qui a donn\u00e9 naissance \u00e0 plusieurs textes \u00e0 quatre mains. Avec <i>La m\u00e8re noire<\/i>, ils reforment leur duo pour la S\u00e9rie Noire et signent un roman riche des \u00e9changes et jeux de langage qui les caract\u00e9risent.<\/p>\n<p align=\"center\">\n<p align=\"center\">\n<p style=\"text-align: center;\" align=\"center\"><span style=\"color: #ff6600;\"><strong>\u00c0 PROPOS DE L\u2019ARGOT DES POLARS DE LA S\u00c9RIE NOIRE<br \/>\n<\/strong><\/span><\/p>\n<p style=\"text-align: left;\" align=\"center\"><span style=\"color: #ff6600;\"><strong style=\"color: #ff6600; text-align: right;\"><img loading=\"lazy\" decoding=\"async\" class=\"wp-image-13086  alignright\" style=\"border: 0px;\" title=\"la-serie-noire-de-gallimard-9\" src=\"http:\/\/biblioclo.com\/wp-content\/uploads\/2017\/05\/14-182x300.jpg\" alt=\"\" width=\"198\" height=\"318\" \/>\u00a0<\/strong><\/span><strong>Je me suis d\u00e9j\u00e0 exprim\u00e9 sur le caract\u00e8re tr\u00e8s sp\u00e9cial du langage des polars de LA S\u00c9RIE NOIRE. Pour ceux et celles qui veulent explorer davantage cet aspect de la collection, je vous invite \u00e0 parcourir L\u2019ARGOT DU POLAR, 38 nuances de la S\u00e9rie Noire de Lionel Besnier. Publi\u00e9 par Gallimard \u00e0 l\u2019occasion du 70<sup>e<\/sup> anniversaire de la S\u00e9rie Noire, ce livre r\u00e9unit les perles des auteurs de polars avec des termes argotiques parfois tout \u00e0 fait savoureux, des tournures de phrases originales\u2026le tout teint\u00e9 de tout ce que peut offrir la litt\u00e9rature noire : un soup\u00e7on de machisme, des \u00e9clats de violence gratuite, de la haine et des criminels en perdition.\u00a0<\/strong><\/p>\n<p style=\"text-align: left;\" align=\"center\">Pour parcourir la liste des titres de la collection, <a href=\"https:\/\/polar.zonelivre.fr\/liste-romans-serie-noire-de-gallimard\/\">cliquez ici<\/a>.<\/p>\n<p style=\"text-align: left;\" align=\"center\">Suggestion de lecture :\u00a0 <a href=\"https:\/\/jailu.mllambert.com\/2021\/02\/28\/les-contes-interdits\/\">LES CONTES INTERDITS<\/a>, coup d&rsquo;oeil sur la s\u00e9rie<\/p>\n<p style=\"text-align: left;\" align=\"center\">BONNE LECTURE<br \/>\nJAILU\/Claude Lambert<br \/>\nLe dimanche 28 mai 2017<\/p>\n","protected":false},"excerpt":{"rendered":"<p>En 1945, l&rsquo;\u00e9diteur, Marcel Duhamel  cr\u00e9e une collection qui mettrait en perspective toutes les angoisses de la soci\u00e9t\u00e9 : LA S\u00c9RIE NOIRE DE GALLIMARD.  <a href=\"https:\/\/biblioclo.com\/index.php\/2017\/05\/28\/la-serie-noire-de-gallimard\/\">Continuer la lecture <span class=\"meta-nav\"> \u00bb<\/span><\/a><\/p>\n<div class='heateorSssClear'><\/div><div style=\"float:right\" class='heateor_sss_sharing_container heateor_sss_horizontal_sharing' data-heateor-sss-href='https:\/\/biblioclo.com\/index.php\/2017\/05\/28\/la-serie-noire-de-gallimard\/'><div class='heateor_sss_sharing_title' style=\"font-weight:bold\" ><\/div><div class=\"heateor_sss_sharing_ul\"><a style=\"padding:7.35px 0 !important\" class=\"heateor_sss_facebook_share\"><div class=\"fb-share-button\" data-href=\"https:\/\/biblioclo.com\/index.php\/2017\/05\/28\/la-serie-noire-de-gallimard\/\" data-layout=\"button\"><\/div><\/a><\/div><div class=\"heateorSssClear\"><\/div><\/div><div class='heateorSssClear'><\/div>","protected":false},"author":3,"featured_media":0,"comment_status":"open","ping_status":"open","sticky":false,"template":"","format":"standard","meta":{"footnotes":""},"categories":[4,5],"tags":[122,496,583,821,1344,1521],"class_list":["post-4622","post","type-post","status-publish","format-standard","hentry","category-compterendus","category-critiques","tag-argot-de-la-serie-noire","tag-documentaire","tag-enquete","tag-histoire","tag-polars","tag-roman-noir"],"_links":{"self":[{"href":"https:\/\/biblioclo.com\/index.php\/wp-json\/wp\/v2\/posts\/4622","targetHints":{"allow":["GET"]}}],"collection":[{"href":"https:\/\/biblioclo.com\/index.php\/wp-json\/wp\/v2\/posts"}],"about":[{"href":"https:\/\/biblioclo.com\/index.php\/wp-json\/wp\/v2\/types\/post"}],"author":[{"embeddable":true,"href":"https:\/\/biblioclo.com\/index.php\/wp-json\/wp\/v2\/users\/3"}],"replies":[{"embeddable":true,"href":"https:\/\/biblioclo.com\/index.php\/wp-json\/wp\/v2\/comments?post=4622"}],"version-history":[{"count":1,"href":"https:\/\/biblioclo.com\/index.php\/wp-json\/wp\/v2\/posts\/4622\/revisions"}],"predecessor-version":[{"id":19614,"href":"https:\/\/biblioclo.com\/index.php\/wp-json\/wp\/v2\/posts\/4622\/revisions\/19614"}],"wp:attachment":[{"href":"https:\/\/biblioclo.com\/index.php\/wp-json\/wp\/v2\/media?parent=4622"}],"wp:term":[{"taxonomy":"category","embeddable":true,"href":"https:\/\/biblioclo.com\/index.php\/wp-json\/wp\/v2\/categories?post=4622"},{"taxonomy":"post_tag","embeddable":true,"href":"https:\/\/biblioclo.com\/index.php\/wp-json\/wp\/v2\/tags?post=4622"}],"curies":[{"name":"wp","href":"https:\/\/api.w.org\/{rel}","templated":true}]}}