{"id":5945,"date":"2018-04-29T08:12:58","date_gmt":"2018-04-29T08:12:58","guid":{"rendered":"http:\/\/jailu.mllambert.com\/?p=5945"},"modified":"2018-04-29T08:12:58","modified_gmt":"2018-04-29T08:12:58","slug":"faims","status":"publish","type":"post","link":"https:\/\/biblioclo.com\/index.php\/2018\/04\/29\/faims\/","title":{"rendered":"FAIMS, le livre de PATRICK S\u00c9N\u00c9CAL"},"content":{"rendered":"<p style=\"text-align: right;\" align=\"center\"><strong><em>*Vous avez une vie en apparence combl\u00e9e, vous<br \/>\n\u00eates l\u2019image de l\u2019homme honorable, mais une<br \/>\n\u00e9trange faim s\u2019est install\u00e9e en vous&#8230; \u00c0<br \/>\ntel point que parfois, vous \u00eates litt\u00e9ralement<br \/>\naffam\u00e9. Parce que cette faim ne se contente plus<br \/>\nde repas discrets et \u00e9quilibr\u00e9s.*<br \/>\n<\/em><\/strong>(Extrait\u00a0: FAIMS, Patrick S\u00e9n\u00e9cal, \u00c9ditions Alire, 2015,<br \/>\n\u00e9dition num\u00e9rique, 545 pages)<\/p>\n<p align=\"right\"><a href=\"http:\/\/biblioclo.com\/wp-content\/uploads\/2018\/04\/IMG_0405.jpg\"><img loading=\"lazy\" decoding=\"async\" class=\"alignright size-medium wp-image-5950\" style=\"border: 0px;\" title=\"img_0405\" src=\"http:\/\/jailu.mllambert.com\/wp-content\/uploads\/2018\/04\/IMG_0405-175x300.jpg\" alt=\"\" width=\"175\" height=\"300\" srcset=\"https:\/\/biblioclo.com\/wp-content\/uploads\/2018\/04\/IMG_0405-175x300.jpg 175w, https:\/\/biblioclo.com\/wp-content\/uploads\/2018\/04\/IMG_0405.jpg 210w\" sizes=\"auto, (max-width: 175px) 100vw, 175px\" \/><\/a><\/p>\n<p><strong>Ville de Kadpidi, 20,000 habitants. Par une journ\u00e9e magnifique, une \u00e9trange caravane entre en ville et s\u2019y installe. C\u2019est le cirque ambulant HUMANUS CIRCUS. Alors la bucolique tranquillit\u00e9 de Kadpidi se d\u00e9grade vite: les attitudes et les comportements changent, des meurtres se succ\u00e8dent. Plusieurs citoyens habituellement tranquilles se laissent aller \u00e0 satisfaire leurs pulsions : une faim ressentie au quotidien mais refoul\u00e9e avec le temps, malsaine. Apr\u00e8s le premier spectacle, d\u2019une singuli\u00e8re \u00e9tranget\u00e9, Jo\u00ebl sera entra\u00een\u00e9 dans une enqu\u00eate troublante\u2026<\/strong><\/p>\n<p align=\"center\"><span style=\"color: #ff0000; font-size: 24px;\">LE COMMENCEMENT DE LA FAIM<\/span><br \/>\n<strong><em>*-Pis y parait qu\u2019la femme a pas juste p\u00e9t\u00e9 les<br \/>\nmeubles dans toute sa maison, mais aussi<br \/>\nson char! Pis est all\u00e9e au bureau o\u00f9 a<br \/>\ntravaille, pis a tout cass\u00e9 l\u00e0 aussi! \u00c0 coup<br \/>\nde masse! Criss de folle, hein?<br \/>\n<\/em><\/strong>(Extrait\u00a0: FAIMS)<\/p>\n<p>Encore du grand S\u00e9n\u00e9cal mais dans un style un peu diff\u00e9rent. Il nous sort compl\u00e8tement de l\u2019univers de Malphas qui a un registre tr\u00e8s \u00e0 part dans l\u2019\u0153uvre de S\u00e9n\u00e9cal mais FAIMS diff\u00e8re aussi de ses autres livres m\u00eame si en cours de lecture, j\u2019ai fait souvent le rapprochement avec LE VIDE.<\/p>\n<p>Finalement, j\u2019ai compris que l\u2019auteur avait \u00e0 peu pr\u00e8s le m\u00eame modus operandi. Dans FAIMS je n\u2019ai pas vraiment ressenti l\u2019horreur, mais plut\u00f4t une pression psychologique tr\u00e8s forte qui caract\u00e9rise beaucoup de thrillers. \u00c7a ne change rien, ce livre m\u2019a secou\u00e9. Il m\u2019a accroch\u00e9 d\u00e8s les premi\u00e8res pages\u2026par curiosit\u00e9 d\u2019abord et puis rapidement, je fus pris d\u2019une *faim* de tout comprendre, de tout savoir.<\/p>\n<p>Imaginez qu\u2019un petit cirque ambulant qui s\u2019installe dans un petit patelin chamboule compl\u00e8tement le quotidien des gens, modifie attitudes et comportements, provoque bagarres et querelles, alimente des id\u00e9es de haine, de violence, de meurtres. Le ton est donn\u00e9 d\u00e8s le d\u00e9part.<\/p>\n<p>Le cirque est bizarre, ses membres sont \u00e9tranges, marginaux. Leur spectacle est pour adulte seulement. Il est d\u2019une singuli\u00e8re intensit\u00e9, extr\u00eamement violent en plus d\u2019\u00eatre sexuellement explicite et hautement suggestif pour des esprits qui ont\u2026*faim*.<\/p>\n<p>Alors qu\u2019un premier meurtre suit de pr\u00e8s l\u2019arriv\u00e9e du cirque, le m\u00e9decin du patelin, St\u00e9phane, dont la faim est appel\u00e9e \u00e0 se r\u00e9veiller y va de sa petite appr\u00e9ciation du spectacle : <em><strong>*C\u2019est innovateur, c\u2019est baveux, \u00e7a brasse la cage et \u00e7a fait du bien.*<\/strong><\/em> (extrait)<\/p>\n<p>voil\u00e0 qui annonce un changement dans l\u2019esprit du m\u00e9decin qui finira par dire tout haut ce que tout le monde pense sous l\u2019influence du HUMANUS CIRCUS : <em><strong>*Personne va bien! Tout le monde est tann\u00e9, tout le monde est d\u00e9prim\u00e9, tout le monde est frustr\u00e9! Mais moi, je suis juste \u00e9c\u0153ur\u00e9 de faire semblant, de me mettre un gros sourire dans face pis de faire ah-ah-ah, pis de raconter n\u2019importe quoi. *<\/strong><\/em> (Extrait)<\/p>\n<p>Vous avez compris que cette faim n\u2019a rien \u00e0 voir avec la nourriture mais symbolise plut\u00f4t des pulsions latentes de violence et d\u2019agressivit\u00e9 qui caract\u00e9risent l\u2019\u00eatre humain. La fa\u00e7on dont le th\u00e8me est d\u00e9velopp\u00e9 nous am\u00e8ne \u00e0 voir la Soci\u00e9t\u00e9 sous un jour tr\u00e8s diff\u00e9rent.<\/p>\n<p>Je consid\u00e8re ce r\u00e9cit comme un thriller, extr\u00eamement noir, puissant et dont il se d\u00e9gage une atmosph\u00e8re pesante. La violence y est d\u00e9crite sans retenue et certains passages sont d\u2019une crudit\u00e9 \u00e0 faire fr\u00e9mir. L\u2019intrigue est tr\u00e8s bien ficel\u00e9e et j\u2019ai trouv\u00e9 la finale g\u00e9niale\u2026totalement impr\u00e9visible en ce qui me concerne.<\/p>\n<p>Je signale au passage que S\u00e9n\u00e9cal a inclus dans sa distribution un de ses personnages f\u00e9tiches : Michelle Beaulieu (5150 RUE DES ORMES, REINE ROUGE, ALISS). Je vous laisse aussi d\u00e9couvrir quel personnage de FAIMS a \u00e9t\u00e9 pourvoyeur dans HELL.COM du m\u00eame auteur\u2026ce sont des petits entrecroisements \u00e0 la Stephen King qui me plaisent beaucoup.<\/p>\n<p>Les chapitres sont entrecoup\u00e9s par un profil complet de chacun des personnages du Humanus Circus : Markitos, Laurus, Sarratou, R\u00e9gina, Wulf et Wefa\u2026les saltimbanques \u00e9tranges \u00e0 l&rsquo;histoire tordue qui m\u2019ont fait pass\u00e9 par une gamme d\u2019\u00e9motions plut\u00f4t fortes.<\/p>\n<p>Au c\u0153ur de l\u2019histoire, il y a aussi la famille Leblanc, Jo\u00ebl, policier de la SQ qui m\u00e8ne l\u2019enqu\u00eate sur les meurtres et qui n\u2019est pas au bout de ses surprises, sa femme Martine, v\u00e9t\u00e9rinaire et leurs ados Nicholas et \u00c9milie dont les r\u00f4les pourraient vous surprendre.<\/p>\n<p>Encore un S\u00e9n\u00e9cal dont il est tr\u00e8s difficile d\u2019interrompre la lecture\u2026 Un nouveau voyage dans les recoins les plus obscurs de l\u2019esprit\u2026 \u00c9criture fluide, ventil\u00e9e, un rythme d\u2019enfer\u2026.une \u00e9criture qui n\u2019a pas peur des mots\u2026<\/p>\n<p>VOIR AUSSI MES COMMENTAIRES SUR <a href=\"http:\/\/jailu.mllambert.com\/?p=2716\">LE VIDE<\/a> ET <a href=\"http:\/\/jailu.mllambert.com\/?p=489\">CONTRE DIEU<\/a> DU M\u00caME AUTEUR.<\/p>\n<p><a href=\"http:\/\/biblioclo.com\/wp-content\/uploads\/2018\/04\/IMG_0406.jpg\"><img loading=\"lazy\" decoding=\"async\" class=\"alignleft size-full wp-image-5956\" style=\"border: 0px;\" title=\"img_0406\" src=\"http:\/\/biblioclo.com\/wp-content\/uploads\/2018\/04\/IMG_0406.jpg\" alt=\"\" width=\"300\" height=\"300\" srcset=\"https:\/\/biblioclo.com\/wp-content\/uploads\/2018\/04\/IMG_0406.jpg 300w, https:\/\/biblioclo.com\/wp-content\/uploads\/2018\/04\/IMG_0406-150x150.jpg 150w\" sizes=\"auto, (max-width: 300px) 100vw, 300px\" \/><\/a><\/p>\n<p><strong>Patrick S\u00e9n\u00e9cal n\u00e9 en 1967, est un \u00e9crivain qu\u00e9b\u00e9cois sp\u00e9cialis\u00e9 dans le roman *noir*. Il est aussi sc\u00e9nariste et r\u00e9alisateur. Il publie son premier roman en 1994 : 5150 rue des Ormes, adapt\u00e9 au cin\u00e9ma en 2009. Il est d\u00e9tenteur\u00a0 de plusieurs prix litt\u00e9raires importants dont le prix Bor\u00e9al du meilleur roman en 2001 (Aliss) et le prix Masterton en 2006 en plus des distinctions dans les salons\u00a0 du livre.\u00a0\u00a0<\/strong><\/p>\n<p>BONNE LECTURE<br \/>\nClaude Lambert<br \/>\nle dimanche 29 avril 2018<\/p>\n","protected":false},"excerpt":{"rendered":"<p>Alors qu&rsquo;une \u00e9trange caravane est arriv\u00e9e en ville, Des citoyens se laissent aller \u00e0 satisfaire leurs pulsions . Je commente  FAIMS de Patrick S\u00e9n\u00e9cal.  <a href=\"https:\/\/biblioclo.com\/index.php\/2018\/04\/29\/faims\/\">Continuer la lecture <span class=\"meta-nav\"> \u00bb<\/span><\/a><\/p>\n<div class='heateorSssClear'><\/div><div style=\"float:right\" class='heateor_sss_sharing_container heateor_sss_horizontal_sharing' data-heateor-sss-href='https:\/\/biblioclo.com\/index.php\/2018\/04\/29\/faims\/'><div class='heateor_sss_sharing_title' style=\"font-weight:bold\" ><\/div><div class=\"heateor_sss_sharing_ul\"><a style=\"padding:7.35px 0 !important\" class=\"heateor_sss_facebook_share\"><div class=\"fb-share-button\" data-href=\"https:\/\/biblioclo.com\/index.php\/2018\/04\/29\/faims\/\" data-layout=\"button\"><\/div><\/a><\/div><div class=\"heateorSssClear\"><\/div><\/div><div class='heateorSssClear'><\/div>","protected":false},"author":3,"featured_media":5950,"comment_status":"open","ping_status":"open","sticky":false,"template":"","format":"standard","meta":{"footnotes":""},"categories":[4,5],"tags":[723,727,834,847,1042,1743,1845],"class_list":["post-5945","post","type-post","status-publish","format-standard","has-post-thumbnail","hentry","category-compterendus","category-critiques","tag-folie-collective","tag-forains","tag-horreur","tag-hypnose","tag-magie","tag-thriller","tag-violence"],"_links":{"self":[{"href":"https:\/\/biblioclo.com\/index.php\/wp-json\/wp\/v2\/posts\/5945","targetHints":{"allow":["GET"]}}],"collection":[{"href":"https:\/\/biblioclo.com\/index.php\/wp-json\/wp\/v2\/posts"}],"about":[{"href":"https:\/\/biblioclo.com\/index.php\/wp-json\/wp\/v2\/types\/post"}],"author":[{"embeddable":true,"href":"https:\/\/biblioclo.com\/index.php\/wp-json\/wp\/v2\/users\/3"}],"replies":[{"embeddable":true,"href":"https:\/\/biblioclo.com\/index.php\/wp-json\/wp\/v2\/comments?post=5945"}],"version-history":[{"count":1,"href":"https:\/\/biblioclo.com\/index.php\/wp-json\/wp\/v2\/posts\/5945\/revisions"}],"predecessor-version":[{"id":20277,"href":"https:\/\/biblioclo.com\/index.php\/wp-json\/wp\/v2\/posts\/5945\/revisions\/20277"}],"wp:featuredmedia":[{"embeddable":true,"href":"https:\/\/biblioclo.com\/index.php\/wp-json\/wp\/v2\/media\/5950"}],"wp:attachment":[{"href":"https:\/\/biblioclo.com\/index.php\/wp-json\/wp\/v2\/media?parent=5945"}],"wp:term":[{"taxonomy":"category","embeddable":true,"href":"https:\/\/biblioclo.com\/index.php\/wp-json\/wp\/v2\/categories?post=5945"},{"taxonomy":"post_tag","embeddable":true,"href":"https:\/\/biblioclo.com\/index.php\/wp-json\/wp\/v2\/tags?post=5945"}],"curies":[{"name":"wp","href":"https:\/\/api.w.org\/{rel}","templated":true}]}}