{"id":698,"date":"2013-02-24T16:38:08","date_gmt":"2013-02-24T16:38:08","guid":{"rendered":"http:\/\/jailu.mllambert.com\/?p=698"},"modified":"2013-02-24T16:38:08","modified_gmt":"2013-02-24T16:38:08","slug":"reveries-beaudelaire-edgar-allan-poe","status":"publish","type":"post","link":"https:\/\/biblioclo.com\/index.php\/2013\/02\/24\/reveries-beaudelaire-edgar-allan-poe\/","title":{"rendered":"LE SPLEEN DE PARIS, de CHARLES BAUDELAIRE"},"content":{"rendered":"<p style=\"text-align: center;\"><img loading=\"lazy\" decoding=\"async\" class=\"alignnone wp-image-12132 size-full\" style=\"border: 0px;\" title=\"KONICA MINOLTA DIGITAL CAMERA\" src=\"http:\/\/biblioclo.com\/wp-content\/uploads\/2013\/02\/spleen-2.jpg\" alt=\"\" width=\"300\" height=\"169\" \/><\/p>\n<p style=\"text-align: justify;\">Je ne suis pas un grand amateur de po\u00e9sie, si je compare au roman par exemple. Mais une ou deux fois par ann\u00e9e j&rsquo;aime bien me plonger dans un classique.<\/p>\n<p style=\"text-align: justify;\">De temps en temps au travail, je l\u00e8ve les yeux de mon \u00e9cran pour regarder par la baie vitr\u00e9e. Celle-ci donne une vue tr\u00e8s vaste du ciel surplombant une autoroute congestionn\u00e9e au quotidien. L\u00e0, fixant les cumulus indiff\u00e9rents, dans une r\u00eaverie furtive, un d\u00e9sir d&rsquo;\u00e9loignement, je me rem\u00e9more le premier po\u00e8me en prose du livre\u00a0<em>Le Spleen de Paris,<\/em>\u00a0de Charles\u00a0Baudelaire. Si vous ne devez lire qu&rsquo;un livre de ce po\u00e8te, excluant \u00e9videment les traductions des nouvelles d&rsquo;Edgar Allan Poe, que ce soit celui-ci!<\/p>\n<blockquote>\n<p style=\"text-align: justify;\"><span style=\"text-decoration: underline;\"><strong>Charles Baudelaire &#8211;\u00a0Le Spleen de Paris &#8211; L&rsquo;\u00c9tranger<\/strong><\/span><br \/>\n\u00ab\u00a0Qui aimes-tu le mieux, homme \u00e9nigmatique, dis ? ton p\u00e8re, ta m\u00e8re, ta s\u0153ur ou ton fr\u00e8re ?<br \/>\n&#8211; Je n&rsquo;ai ni p\u00e8re, ni m\u00e8re, ni s\u0153ur, ni fr\u00e8re.<br \/>\n&#8211; Tes amis\u00a0?<br \/>\n&#8211; Vous vous servez l\u00e0 d&rsquo;une parole dont le sens m&rsquo;est rest\u00e9 jusqu&rsquo;\u00e0 ce jour inconnu.<br \/>\n&#8211; Ta patrie\u00a0?<br \/>\n&#8211; J&rsquo;ignore sous quelle latitude elle est situ\u00e9e.<br \/>\n&#8211; La beaut\u00e9\u00a0?<br \/>\n&#8211; Je l&rsquo;aimerais volontiers, d\u00e9esse et immortelle.<br \/>\n&#8211; L&rsquo;or\u00a0?<br \/>\n&#8211; Je le hais comme vous ha\u00efssez Dieu.<br \/>\n&#8211; Eh! qu&rsquo;aimes-tu donc, extraordinaire \u00e9tranger\u00a0?<br \/>\n&#8211; J&rsquo;aime les nuages&#8230; les nuages qui passent&#8230; l\u00e0-bas&#8230; l\u00e0-bas&#8230; les merveilleux nuages\u00a0!\u00a0\u00bb<\/p>\n<\/blockquote>\n<p><img loading=\"lazy\" decoding=\"async\" class=\"alignnone wp-image-12134 size-medium alignleft\" style=\"border: 0px; background-color: #eeeeee; margin-top: 20px; margin-bottom: 20px;\" title=\"charles-baudelaire-92959-250-400\" src=\"http:\/\/biblioclo.com\/wp-content\/uploads\/2013\/02\/spleen-1-182x300.jpg\" alt=\"\" width=\"182\" height=\"300\" srcset=\"https:\/\/biblioclo.com\/wp-content\/uploads\/2013\/02\/spleen-1-182x300.jpg 182w, https:\/\/biblioclo.com\/wp-content\/uploads\/2013\/02\/spleen-1.jpg 333w\" sizes=\"auto, (max-width: 182px) 100vw, 182px\" \/>Dans un autre ordre d&rsquo;id\u00e9e, je me suis rendu compte\u00a0r\u00e9cemment\u00a0que j&rsquo;ai lu de Baudelaire beaucoup plus de ses traductions d&rsquo;Edgar Poe que de ses propres textes! Et je ne crois pas \u00eatre le seul dans cette situation. Je ne connais pas grand chose sur Baudelaire mais je crois savoir que l&rsquo;un comme l&rsquo;autre avait ce c\u00f4t\u00e9 <em>artiste maudit<\/em>\u00a0tellement fascinant. Du coup je me suis pos\u00e9 la question, est-ce que c&rsquo;est cette ressemblance, cette connexion profonde, qui a pouss\u00e9 Baudelaire \u00e0 traduire Poe? Ou \u00e9tait-ce simplement parce qu&rsquo;il admirait ses \u00e9crits?<\/p>\n<p><img loading=\"lazy\" decoding=\"async\" class=\"alignnone wp-image-12135 size-medium\" style=\"border: 0px;\" title=\"EdgarAllanPoe\" src=\"http:\/\/biblioclo.com\/wp-content\/uploads\/2013\/02\/spleen-3-300x225.jpg\" alt=\"\" width=\"300\" height=\"225\" srcset=\"https:\/\/biblioclo.com\/wp-content\/uploads\/2013\/02\/spleen-3-300x225.jpg 300w, https:\/\/biblioclo.com\/wp-content\/uploads\/2013\/02\/spleen-3-768x576.jpg 768w, https:\/\/biblioclo.com\/wp-content\/uploads\/2013\/02\/spleen-3-400x300.jpg 400w, https:\/\/biblioclo.com\/wp-content\/uploads\/2013\/02\/spleen-3.jpg 800w\" sizes=\"auto, (max-width: 300px) 100vw, 300px\" \/><\/p>\n<p style=\"text-align: justify;\">Si ces questions vous int\u00e9ressent, je vous recommande la lecture <a title=\"Baudelaire traducteur de Poe\" href=\"http:\/\/baudelaire-traducteur-de-poe.blogspot.ca\/\" target=\"_blank\" rel=\"noopener\">de cette page de\u00a0blog<\/a>. Bien que d&rsquo;une pr\u00e9sentation grossi\u00e8re, il s&rsquo;agit d&rsquo;une excellente analyse compl\u00e8te et riche en d\u00e9tails et en sources. Vous d\u00e9couvrirez que les motivations de Baudelaire \u00e9taient\u00a0\u00e9tonnamment\u00a0beaucoup plus\u00a0complexes qu&rsquo;il n&rsquo;y para\u00eet!<\/p>\n<p>Suggestion de lecture : <a href=\"https:\/\/jailu.mllambert.com\/2018\/10\/07\/les-fleurs-du-mal\/\">LES FLEURS DU MAL<\/a> de Charles Baudelaire<\/p>\n<p style=\"text-align: justify;\">Phenixgoglu<br \/>\nF\u00e9vrier 2013<\/p>\n","protected":false},"excerpt":{"rendered":"<p>Article personnel, questionnement sur les motivations de Baudelaire \u00e0 traduire l&rsquo;oeuvre de Edgar Allan Poe, lien vers une analyse tr\u00e8s int\u00e9ressante. <a href=\"https:\/\/biblioclo.com\/index.php\/2013\/02\/24\/reveries-beaudelaire-edgar-allan-poe\/\">Continuer la lecture <span class=\"meta-nav\"> \u00bb<\/span><\/a><\/p>\n<div class='heateorSssClear'><\/div><div style=\"float:right\" class='heateor_sss_sharing_container heateor_sss_horizontal_sharing' data-heateor-sss-href='https:\/\/biblioclo.com\/index.php\/2013\/02\/24\/reveries-beaudelaire-edgar-allan-poe\/'><div class='heateor_sss_sharing_title' style=\"font-weight:bold\" ><\/div><div class=\"heateor_sss_sharing_ul\"><a style=\"padding:7.35px 0 !important\" class=\"heateor_sss_facebook_share\"><div class=\"fb-share-button\" data-href=\"https:\/\/biblioclo.com\/index.php\/2013\/02\/24\/reveries-beaudelaire-edgar-allan-poe\/\" data-layout=\"button\"><\/div><\/a><\/div><div class=\"heateorSssClear\"><\/div><\/div><div class='heateorSssClear'><\/div>","protected":false},"author":2,"featured_media":12134,"comment_status":"open","ping_status":"open","sticky":false,"template":"","format":"standard","meta":{"footnotes":""},"categories":[2,7,9],"tags":[88,167,530,1340,1768],"class_list":["post-698","post","type-post","status-publish","format-standard","has-post-thumbnail","hentry","category-auteurs","category-extraits","category-liens","tag-analyse","tag-baudelaire","tag-edgar-allan-poe","tag-poesie","tag-traduction"],"_links":{"self":[{"href":"https:\/\/biblioclo.com\/index.php\/wp-json\/wp\/v2\/posts\/698","targetHints":{"allow":["GET"]}}],"collection":[{"href":"https:\/\/biblioclo.com\/index.php\/wp-json\/wp\/v2\/posts"}],"about":[{"href":"https:\/\/biblioclo.com\/index.php\/wp-json\/wp\/v2\/types\/post"}],"author":[{"embeddable":true,"href":"https:\/\/biblioclo.com\/index.php\/wp-json\/wp\/v2\/users\/2"}],"replies":[{"embeddable":true,"href":"https:\/\/biblioclo.com\/index.php\/wp-json\/wp\/v2\/comments?post=698"}],"version-history":[{"count":0,"href":"https:\/\/biblioclo.com\/index.php\/wp-json\/wp\/v2\/posts\/698\/revisions"}],"wp:featuredmedia":[{"embeddable":true,"href":"https:\/\/biblioclo.com\/index.php\/wp-json\/wp\/v2\/media\/12134"}],"wp:attachment":[{"href":"https:\/\/biblioclo.com\/index.php\/wp-json\/wp\/v2\/media?parent=698"}],"wp:term":[{"taxonomy":"category","embeddable":true,"href":"https:\/\/biblioclo.com\/index.php\/wp-json\/wp\/v2\/categories?post=698"},{"taxonomy":"post_tag","embeddable":true,"href":"https:\/\/biblioclo.com\/index.php\/wp-json\/wp\/v2\/tags?post=698"}],"curies":[{"name":"wp","href":"https:\/\/api.w.org\/{rel}","templated":true}]}}