{"id":9433,"date":"2020-02-20T08:46:20","date_gmt":"2020-02-20T08:46:20","guid":{"rendered":"http:\/\/jailu.mllambert.com\/?p=9433"},"modified":"2025-11-06T21:24:13","modified_gmt":"2025-11-06T21:24:13","slug":"heydrich-le-graal-et-la-marmotte","status":"publish","type":"post","link":"https:\/\/biblioclo.com\/index.php\/2020\/02\/20\/heydrich-le-graal-et-la-marmotte\/","title":{"rendered":"HEYDRICH, LE GRAAL ET LA MARMOTTE, de Peter Berling"},"content":{"rendered":"\n<p><\/p>\n\n\n<p style=\"text-align: left;\" align=\"center\"><strong><em>Il est entr\u00e9 dans la SS sans s&rsquo;interroger sur<br \/>les valeurs qui y sont consid\u00e9r\u00e9es comme<br \/>une loi d&rsquo;airain. Au sein de l&rsquo;ordre,<br \/>l&rsquo;homosexualit\u00e9 est un crime capital passible<br \/>de la peine de mort ! La moindre des<br \/>sanctions, c&rsquo;est le camp de concentration,<br \/>et cet idiot de Rahn a pu d\u00e9couvrir<br \/>personnellement ce que cela signifiait.<br \/><\/em><\/strong>(Extrait\u00a0: HEYDRICH, LE GRAAL ET LA MARMOTTE,<br \/>Peter Berling, \u00e9ditions Piranha 2016 pour la<br \/>traduction fran\u00e7aise. \u00c9dition num. 350 pages)<\/p>\n<p style=\"text-align: left;\"><img loading=\"lazy\" decoding=\"async\" class=\"wp-image-9436 size-medium alignleft\" style=\"border: 0px none;\" title=\"heydrich-le-graal-et-la-marmotte-1\" src=\"http:\/\/biblioclo.com\/wp-content\/uploads\/2020\/02\/heydrich-le-graal-et-la-marmotte-1-191x300.jpg\" alt=\"\" width=\"191\" height=\"300\" srcset=\"https:\/\/biblioclo.com\/wp-content\/uploads\/2020\/02\/heydrich-le-graal-et-la-marmotte-1-191x300.jpg 191w, https:\/\/biblioclo.com\/wp-content\/uploads\/2020\/02\/heydrich-le-graal-et-la-marmotte-1-651x1024.jpg 651w, https:\/\/biblioclo.com\/wp-content\/uploads\/2020\/02\/heydrich-le-graal-et-la-marmotte-1-768x1208.jpg 768w, https:\/\/biblioclo.com\/wp-content\/uploads\/2020\/02\/heydrich-le-graal-et-la-marmotte-1-976x1536.jpg 976w, https:\/\/biblioclo.com\/wp-content\/uploads\/2020\/02\/heydrich-le-graal-et-la-marmotte-1.jpg 1000w\" sizes=\"auto, (max-width: 191px) 100vw, 191px\" \/><strong>Max Wittacher est un jeune Suisse. Son don pour les massages lui vaut d\u00e8s le d\u00e9but des ann\u00e9es 1930 les faveurs de l&rsquo;inqui\u00e9tant Reinhard Heydrich, qui fait de lui son physioth\u00e9rapeute personnel. En c\u00f4toyant les dirigeants de la SS, Max d\u00e9couvre l&rsquo;engouement de Himmler pour l&rsquo;\u00e9sot\u00e9risme et pour le Graal et est le t\u00e9moin des rivalit\u00e9s entre cadres du parti. Impliqu\u00e9 malgr\u00e9 lui dans la lutte que se livrent services de s\u00e9curit\u00e9 nazis et espions anglais, il observe les mesures de plus en plus radicales prises \u00e0 l&rsquo;encontre des Juifs. Avec les aventures de ce h\u00e9ros na\u00eff, Peter Berling revisite les heures les plus sombres de l&rsquo;Allemagne.<\/strong><\/p>\n<p style=\"text-align: center;\"><a href=\"http:\/\/biblioclo.com\/wp-content\/uploads\/2020\/02\/heydrich-le-graal-et-la-marmotte-2.jpg\"><img loading=\"lazy\" decoding=\"async\" class=\"alignnone size-thumbnail wp-image-9438\" title=\"heydrich-le-graal-et-la-marmotte-2\" src=\"http:\/\/jailu.mllambert.com\/wp-content\/uploads\/2020\/02\/heydrich-le-graal-et-la-marmotte-2-150x150.jpg\" alt=\"\" width=\"150\" height=\"150\" \/><\/a><a href=\"http:\/\/biblioclo.com\/wp-content\/uploads\/2020\/02\/heydrich-le-graal-et-la-marmotte-3.jpg\"><img loading=\"lazy\" decoding=\"async\" class=\"alignnone size-thumbnail wp-image-9439\" title=\"heydrich-le-graal-et-la-marmotte-3\" src=\"http:\/\/jailu.mllambert.com\/wp-content\/uploads\/2020\/02\/heydrich-le-graal-et-la-marmotte-3-150x150.jpg\" alt=\"\" width=\"150\" height=\"150\" \/><\/a><\/p>\n<p>\u00c0 gauche, Reinhard Heydrich, SS-Obergruppenf\u00fchrer allemand, adjoint direct de Heinrich Himmler. \u00a0\u00c0 droite, un des plus hauts dignitaires du troisi\u00e8me reich, Heinrich Himmler qui \u00e9tait obs\u00e9d\u00e9 par le GRAAL.<\/p>\n<p style=\"text-align: left;\" align=\"right\">Le Saint GRAAL est le tr\u00e9sor le plus insaisissable de l\u2019histoire. C\u2019est la coupe que le Christ utilisa lors de son dernier repas, un objet auquel on pr\u00eate des pouvoirs miraculeux. Le Saint Graal a ensorcel\u00e9 des chasseurs de tr\u00e9sors depuis plus de 1000 ans et Heinrich Himmler est devenu obs\u00e9d\u00e9 par le calice et a tout fait pour le retrouver.<\/p>\n<p align=\"center\"><span style=\"color: #993366; font-size: 24px;\"><strong>LA COUPE \u00c0 TOUT PRIX<\/strong><\/span><br \/><strong>*\u00ab D\u00e9sormais plus rien ne s&rsquo;oppose \u00e0 l&rsquo;exterm&#8230; \u00bb<br \/>Schellenberg s&rsquo;\u00e9trangla, et j&rsquo;en eus moi aussi<br \/>le souffle coup\u00e9. \u00ab &#8230;au nettoyage en masse. \u00bb<br \/>Schellenberg s&rsquo;effor\u00e7ait de conserver une certaine<br \/>dignit\u00e9 teint\u00e9e de col\u00e8re. \u00ab Les portes sont ouvertes \u00a0!*<br \/><\/strong>(Extrait\u00a0: HYDRICH, LE GRAAL ET LA MARMOTTE)<\/p>\n<p>Ce roman est en fait la chronique d\u2019une relation particuli\u00e8re entre Max Wittacher, appel\u00e9 la marmotte, physioth\u00e9rapeute de son \u00e9tat mais qui devient beaucoup plus que \u00e7a au fil de l\u2019histoire, et Reinard Heydrich, officier SS cruel et impitoyable, un monstre issu des basses fausse Nazies.<\/p>\n<p>La premi\u00e8re chose qui m\u2019a frapp\u00e9e dans la lecture de ce roman est la fa\u00e7on dont l\u2019auteur a travaill\u00e9 ses personnages fictifs d\u2019une part et les personnages qui ont vraiment exist\u00e9 d\u2019autre part, r\u00e9alistes eu \u00e9gard \u00e0 leur vraie personnalit\u00e9 et en accord avec l\u2019histoire. C\u2019est un travail minutieux, approfondi et recherch\u00e9.<\/p>\n<p>Max est la marmotte du titre, s\u00fbrement parce qu\u2019il r\u00e9unit un amalgame de qualit\u00e9s et de d\u00e9fauts attribu\u00e9s \u00e0 la marmotte qui est ing\u00e9nieuse et calculatrice mais aussi pusillanime jusqu\u2019\u00e0 la couardise. Max est un physioth\u00e9rapeute de talent, remarqu\u00e9 pour son malheur par Heydrich qui exigeait de Max une pr\u00e9sence enti\u00e8re et permanente.<\/p>\n<p>La marmotte est donc devenue plus qu\u2019un th\u00e9rapeute. Il est devenu confesseur d\u2019un esprit chavir\u00e9. Quant \u00e0 Heydrich, le personnage est conforme \u00e0 ce que l\u2019histoire en rapporte : <strong><em>Heydrich s\u2019effor\u00e7ait d\u2019inspirer la peur. Il voulait s\u2019entourer de l\u2019aura d\u2019un monstre auquel rien, aucune \u00e9motion humaine, ne demeure dissimul\u00e9. Cela diffusait angoisse et terreur&#8230;\u00a0<\/em><\/strong>(extrait)<\/p>\n<p>Quant au Graal, c\u2019est la principale faiblesse de l\u2019histoire. \u00c0 part peut-\u00eatre une mise en sc\u00e8ne grotesque dans la deuxi\u00e8me moiti\u00e9 du livre, l\u2019auteur ne m\u2019a pas fait sentir l\u2019importance que le graal aurait d\u00fb avoir \u00e9tant donn\u00e9 qu\u2019il obs\u00e9dait Himmler comme un instrument qui lui aurait permis de d\u00e9ployer encore plus de puissance.<\/p>\n<p>La force du livre r\u00e9side principalement dans la fa\u00e7on de faire de la marmotte un t\u00e9moin des bassesses et des exactions du r\u00e9gime Nazi, le tout dans un crescendo tr\u00e8s graduel parsem\u00e9 de mondanit\u00e9s hypocrites et de plans machiav\u00e9liques partant de l\u2019historique <a href=\"https:\/\/fr.wikipedia.org\/wiki\/Nuit_de_Cristal\">nuit de cristal<\/a> jusqu\u2019\u00e0 l\u2019holocauste.<\/p>\n<p>La psychologie de Max est particuli\u00e8rement int\u00e9ressante. L\u2019histoire se concentre surtout sur Max, Heydrich, Himmler st son aide de camp wolf. Il y a toutefois une grande quantit\u00e9 de personnages plus secondaires, suffisamment pour s\u2019y perdre. Le fil conducteur de l\u2019histoire est parfois fragile.<\/p>\n<p>C\u2019est un bon livre, une histoire qui nous fait voir les hautes sph\u00e8res du troisi\u00e8me Reich sous un angle diff\u00e9rent. Dommage que le Graal n\u2019ait pas \u00e9t\u00e9 mieux exploit\u00e9. Car il est av\u00e9r\u00e9 que le graal a ensorcel\u00e9 les chasseurs de tr\u00e9sor pendant plus de 1000 ans et qu\u2019Henrich Himmler, le plus haut dirigeant nazi a tout fait pour le retrouver. (<a href=\"https:\/\/documystere.com\/histoires-legendes\/heinrich-himmler-en-quete-du-graal\/\">Voir documyst\u00e8re.com<\/a>).<\/p>\n<p>Le th\u00e8me est malheureusement sous-exploit\u00e9 dans le livre. Autrement, c\u2019est un livre qui m\u2019a captiv\u00e9, Max devenant les yeux et les oreilles du lecteur. Donc \u00e0 lire\u2026<\/p>\n<p>Suggestion de lecture : <a href=\"https:\/\/biblioclo.com\/index.php\/2020\/11\/27\/le-mystere-mengele\/\">LE MYST\u00c8RE MENGELE<\/a>, de Jorge Camasara<\/p>\n<p style=\"text-align: center;\"><a href=\"http:\/\/biblioclo.com\/wp-content\/uploads\/2020\/02\/heydrich-le-graal-et-la-marmotte-4.jpg\"><img loading=\"lazy\" decoding=\"async\" class=\"aligncenter  wp-image-9442\" style=\"border: 0px none;\" title=\"heydrich-le-graal-et-la-marmotte-4\" src=\"http:\/\/biblioclo.com\/wp-content\/uploads\/2020\/02\/heydrich-le-graal-et-la-marmotte-4.jpg\" alt=\"\" width=\"928\" height=\"523\" srcset=\"https:\/\/biblioclo.com\/wp-content\/uploads\/2020\/02\/heydrich-le-graal-et-la-marmotte-4.jpg 928w, https:\/\/biblioclo.com\/wp-content\/uploads\/2020\/02\/heydrich-le-graal-et-la-marmotte-4-300x169.jpg 300w, https:\/\/biblioclo.com\/wp-content\/uploads\/2020\/02\/heydrich-le-graal-et-la-marmotte-4-768x433.jpg 768w, https:\/\/biblioclo.com\/wp-content\/uploads\/2020\/02\/heydrich-le-graal-et-la-marmotte-4-500x282.jpg 500w\" sizes=\"auto, (max-width: 928px) 100vw, 928px\" \/><\/a><\/p>\n<p style=\"text-align: left;\"><strong>Peter Berling est un acteur, producteur, sc\u00e9nariste et \u00e9crivain allemand n\u00e9 en 1934. Malgr\u00e9 une bibliographie respectable (il est l\u2019auteur d\u2019un cycle de livres consacr\u00e9s \u00e0 l\u2019\u00e9sot\u00e9risme et \u00e0 la qu\u00eate du Graal traduits dans plus de vingt langues), c\u2019est surtout le septi\u00e8me art qui a contribu\u00e9 \u00e0 faire conna\u00eetre Peter Berling. Il c\u00f4toie Jean-Jacques Anneau pour le film LE NOM DE LA ROSE et Martin Scorcese (LA DERNI\u00c8RE TENTATION DU CHRIST.)<\/strong><\/p>\n<p><strong>BONNE LECTURE<br \/>JAILU\/Claude Lambert<br \/>le jeudi 20 f\u00e9vrier 2020<br \/><\/strong><\/p>","protected":false},"excerpt":{"rendered":"<p>Un jeune massoth\u00e9rapeute est t\u00e9moin de mesures radicales prises \u00e0 l&rsquo;encontre des Juifs.  HEYDRICH, LE GRAAL ET LA MARMOTTE de Peter Berling..  <a href=\"https:\/\/biblioclo.com\/index.php\/2020\/02\/20\/heydrich-le-graal-et-la-marmotte\/\">Continuer la lecture <span class=\"meta-nav\"> \u00bb<\/span><\/a><\/p>\n<div class='heateorSssClear'><\/div><div style=\"float:right\" class='heateor_sss_sharing_container heateor_sss_horizontal_sharing' data-heateor-sss-href='https:\/\/biblioclo.com\/index.php\/2020\/02\/20\/heydrich-le-graal-et-la-marmotte\/'><div class='heateor_sss_sharing_title' style=\"font-weight:bold\" ><\/div><div class=\"heateor_sss_sharing_ul\"><a style=\"padding:7.35px 0 !important\" class=\"heateor_sss_facebook_share\"><div class=\"fb-share-button\" data-href=\"https:\/\/biblioclo.com\/index.php\/2020\/02\/20\/heydrich-le-graal-et-la-marmotte\/\" data-layout=\"button\"><\/div><\/a><\/div><div class=\"heateorSssClear\"><\/div><\/div><div class='heateorSssClear'><\/div>","protected":false},"author":3,"featured_media":9436,"comment_status":"open","ping_status":"open","sticky":false,"template":"","format":"standard","meta":{"footnotes":""},"categories":[4,5],"tags":[474,650,828,1181,1412,1515,1550,1648,1725,1789],"class_list":["post-9433","post","type-post","status-publish","format-standard","has-post-thumbnail","hentry","category-compterendus","category-critiques","tag-deuxieme-guerre","tag-exactions","tag-holocauste","tag-nazisme","tag-puissance","tag-rivalites","tag-saint-graal","tag-ss","tag-terreur","tag-troisieme-reich"],"_links":{"self":[{"href":"https:\/\/biblioclo.com\/index.php\/wp-json\/wp\/v2\/posts\/9433","targetHints":{"allow":["GET"]}}],"collection":[{"href":"https:\/\/biblioclo.com\/index.php\/wp-json\/wp\/v2\/posts"}],"about":[{"href":"https:\/\/biblioclo.com\/index.php\/wp-json\/wp\/v2\/types\/post"}],"author":[{"embeddable":true,"href":"https:\/\/biblioclo.com\/index.php\/wp-json\/wp\/v2\/users\/3"}],"replies":[{"embeddable":true,"href":"https:\/\/biblioclo.com\/index.php\/wp-json\/wp\/v2\/comments?post=9433"}],"version-history":[{"count":2,"href":"https:\/\/biblioclo.com\/index.php\/wp-json\/wp\/v2\/posts\/9433\/revisions"}],"predecessor-version":[{"id":18815,"href":"https:\/\/biblioclo.com\/index.php\/wp-json\/wp\/v2\/posts\/9433\/revisions\/18815"}],"wp:featuredmedia":[{"embeddable":true,"href":"https:\/\/biblioclo.com\/index.php\/wp-json\/wp\/v2\/media\/9436"}],"wp:attachment":[{"href":"https:\/\/biblioclo.com\/index.php\/wp-json\/wp\/v2\/media?parent=9433"}],"wp:term":[{"taxonomy":"category","embeddable":true,"href":"https:\/\/biblioclo.com\/index.php\/wp-json\/wp\/v2\/categories?post=9433"},{"taxonomy":"post_tag","embeddable":true,"href":"https:\/\/biblioclo.com\/index.php\/wp-json\/wp\/v2\/tags?post=9433"}],"curies":[{"name":"wp","href":"https:\/\/api.w.org\/{rel}","templated":true}]}}